{"id":118,"date":"2012-10-12T10:00:09","date_gmt":"2012-10-12T08:00:09","guid":{"rendered":"http:\/\/efferen.cdu-huerth.de\/wp\/?p=118"},"modified":"2015-03-04T19:51:15","modified_gmt":"2015-03-04T18:51:15","slug":"neues-baugebiet-in-efferen","status":"publish","type":"post","link":"https:\/\/efferen.cdu-huerth.de\/?p=118","title":{"rendered":"Neues Baugebiet in Efferen"},"content":{"rendered":"<p style=\"text-align: justify;\">Der Bebauungsplan 221a in Efferen, das ist das Gebiet am Schwarzen Weg, Berrenrather Stra\u00dfe, auch bekannt als bisheriges Festgel\u00e4nde der KG Gr\u00fcn-Gold, ist schon seit Anfang der 1990er Jahre rechtskr\u00e4ftig.<br \/>\nBisher stand einer Bebauung immer nur der Umstand entgegen, dass ein nicht unerheblicher Teil der vorhandenen Grundst\u00fccke f\u00fcr Stra\u00dfenfl\u00e4che an die Stadt abzutreten gewesen w\u00e4re. Weil dar\u00fcber aber keine Einigung mit den Grundst\u00fcckseigent\u00fcmern zu erzielen war, hat der Planungsausschuss vor einigen Jahren die \u00f6ffentliche Umlegung dieses Gebiets beschlossen. Nachdem diese jetzt rechtskr\u00e4ftig ist, beabsichtigen die Stadtwerke, noch in diesem Jahr mit der Erschlie\u00dfung des Gel\u00e4ndes zu beginnen. Das bedeutet zum einen, dass bauwillige Eigent\u00fcmer nun mit der Planung ihres Projektes beginnen k\u00f6nnen, und andererseits, dass verkaufsbereite Eigent\u00fcmer sich langsam auf die Suche nach einem K\u00e4ufer machen k\u00f6nnen. Es bedeutet aber vor allen Dingen, dass wir eine sch\u00f6ne Veranstaltungsfl\u00e4che verlieren, und dass sich Gr\u00fcn-Gold auf die Suche nach einem neuen Festplatz begeben muss.<\/p>\n<p style=\"text-align: justify;\"><strong><span style=\"color: #0000ff;\"><a href=\"mailto:herbert.verbrueggen@cdu-huerth.de\" target=\"_blank\"><span style=\"color: #0000ff;\">herbert.verbrueggen@cdu-huerth.de<\/span><\/a><\/span><\/strong><\/p>\n","protected":false},"excerpt":{"rendered":"<p>Der Bebauungsplan 221a in Efferen, das ist das Gebiet am Schwarzen Weg, Berrenrather Stra\u00dfe, auch bekannt als bisheriges Festgel\u00e4nde der KG Gr\u00fcn-Gold, ist schon seit Anfang der 1990er Jahre rechtskr\u00e4ftig. Bisher stand einer Bebauung immer nur der Umstand entgegen, dass ein nicht unerheblicher Teil der vorhandenen Grundst\u00fccke f\u00fcr Stra\u00dfenfl\u00e4che an die Stadt abzutreten gewesen w\u00e4re. &hellip; <\/p>\n<p><a class=\"more-link btn\" href=\"https:\/\/efferen.cdu-huerth.de\/?p=118\">Weiterlesen<\/a><\/p>\n","protected":false},"author":4,"featured_media":119,"comment_status":"closed","ping_status":"open","sticky":false,"template":"","format":"standard","meta":{"ngg_post_thumbnail":0,"footnotes":"","_links_to":"","_links_to_target":""},"categories":[7],"tags":[8,9],"class_list":["post-118","post","type-post","status-publish","format-standard","has-post-thumbnail","hentry","category-ausschuss-fur-planung-und-umwelt","tag-bebauungsplan-221a","tag-herbert-verbruggen","item-wrap"],"_links":{"self":[{"href":"https:\/\/efferen.cdu-huerth.de\/index.php?rest_route=\/wp\/v2\/posts\/118","targetHints":{"allow":["GET"]}}],"collection":[{"href":"https:\/\/efferen.cdu-huerth.de\/index.php?rest_route=\/wp\/v2\/posts"}],"about":[{"href":"https:\/\/efferen.cdu-huerth.de\/index.php?rest_route=\/wp\/v2\/types\/post"}],"author":[{"embeddable":true,"href":"https:\/\/efferen.cdu-huerth.de\/index.php?rest_route=\/wp\/v2\/users\/4"}],"replies":[{"embeddable":true,"href":"https:\/\/efferen.cdu-huerth.de\/index.php?rest_route=%2Fwp%2Fv2%2Fcomments&post=118"}],"version-history":[{"count":2,"href":"https:\/\/efferen.cdu-huerth.de\/index.php?rest_route=\/wp\/v2\/posts\/118\/revisions"}],"predecessor-version":[{"id":124,"href":"https:\/\/efferen.cdu-huerth.de\/index.php?rest_route=\/wp\/v2\/posts\/118\/revisions\/124"}],"wp:featuredmedia":[{"embeddable":true,"href":"https:\/\/efferen.cdu-huerth.de\/index.php?rest_route=\/wp\/v2\/media\/119"}],"wp:attachment":[{"href":"https:\/\/efferen.cdu-huerth.de\/index.php?rest_route=%2Fwp%2Fv2%2Fmedia&parent=118"}],"wp:term":[{"taxonomy":"category","embeddable":true,"href":"https:\/\/efferen.cdu-huerth.de\/index.php?rest_route=%2Fwp%2Fv2%2Fcategories&post=118"},{"taxonomy":"post_tag","embeddable":true,"href":"https:\/\/efferen.cdu-huerth.de\/index.php?rest_route=%2Fwp%2Fv2%2Ftags&post=118"}],"curies":[{"name":"wp","href":"https:\/\/api.w.org\/{rel}","templated":true}]}}