{"id":121,"date":"2012-10-12T10:03:34","date_gmt":"2012-10-12T08:03:34","guid":{"rendered":"http:\/\/efferen.cdu-huerth.de\/wp\/?p=121"},"modified":"2015-03-04T19:51:07","modified_gmt":"2015-03-04T18:51:07","slug":"gesamtschule-ein-kommentar","status":"publish","type":"post","link":"https:\/\/efferen.cdu-huerth.de\/?p=121","title":{"rendered":"Gesamtschule &#8211; ein Kommentar"},"content":{"rendered":"<p>Wie ich bereits bef\u00fcrchtet habe, schreiten die Planungen zu einer Gesamtschule in H\u00fcrth ohne R\u00fccksicht auf die finanziellen M\u00f6glichkeiten der Stadt unbeirrt und chaotisch fort. Sollte die Gesamtschule bis vor Kurzem in der Realschule an der Krankenhausstra\u00dfe aufgebaut werden, ist jetzt geplant, sie neben dem Schulzentrum Sudetenstra\u00dfe anzusiedeln. Starten soll die Gesamtschule angeblich im Schuljahr 2014\/2015. Was Sie aber alle wissen sollen:<\/p>\n<p>Die Stadtratssitzung hatte die Errichtung der Gesamtschule als Beschlusspunkt auf der Tagesordnung, ohne dass \u00fcberhaupt ein Finanzierungskonzept durch den K\u00e4mmerer zur \u00dcberpr\u00fcfung vorgelegt worden ist!<br \/>\nWoher auch \u2013 es ist ja kein Geld da! Es war Wille des B\u00fcrgermeisters, eine unvorbereitete Entscheidung zu treffen. Diese Vorgehensweise ist unverantwortlich. Ich hoffe sehr, dass Sie verstehen, dass ich gegen die Errichtung einer Gesamtschule ohne ein schl\u00fcssiges Gegenfinanzierungskonzept stimmen muss.<\/p>\n<p><strong><span style=\"color: #0000ff;\"><a href=\"mailto:camilla.hoelzer@cdu-huerth.de\" target=\"_blank\"><span style=\"color: #0000ff;\">camilla.hoelzer@cdu-huerth.de<\/span><\/a><\/span><\/strong><\/p>\n","protected":false},"excerpt":{"rendered":"<p>Wie ich bereits bef\u00fcrchtet habe, schreiten die Planungen zu einer Gesamtschule in H\u00fcrth ohne R\u00fccksicht auf die finanziellen M\u00f6glichkeiten der Stadt unbeirrt und chaotisch fort. Sollte die Gesamtschule bis vor Kurzem in der Realschule an der Krankenhausstra\u00dfe aufgebaut werden, ist jetzt geplant, sie neben dem Schulzentrum Sudetenstra\u00dfe anzusiedeln. Starten soll die Gesamtschule angeblich im Schuljahr &hellip; <\/p>\n<p><a class=\"more-link btn\" href=\"https:\/\/efferen.cdu-huerth.de\/?p=121\">Weiterlesen<\/a><\/p>\n","protected":false},"author":4,"featured_media":122,"comment_status":"closed","ping_status":"open","sticky":false,"template":"","format":"standard","meta":{"ngg_post_thumbnail":0,"footnotes":"","_links_to":"","_links_to_target":""},"categories":[1],"tags":[11,10],"class_list":["post-121","post","type-post","status-publish","format-standard","has-post-thumbnail","hentry","category-allgemein","tag-camilla-holzer","tag-gesamtschule","item-wrap"],"_links":{"self":[{"href":"https:\/\/efferen.cdu-huerth.de\/index.php?rest_route=\/wp\/v2\/posts\/121","targetHints":{"allow":["GET"]}}],"collection":[{"href":"https:\/\/efferen.cdu-huerth.de\/index.php?rest_route=\/wp\/v2\/posts"}],"about":[{"href":"https:\/\/efferen.cdu-huerth.de\/index.php?rest_route=\/wp\/v2\/types\/post"}],"author":[{"embeddable":true,"href":"https:\/\/efferen.cdu-huerth.de\/index.php?rest_route=\/wp\/v2\/users\/4"}],"replies":[{"embeddable":true,"href":"https:\/\/efferen.cdu-huerth.de\/index.php?rest_route=%2Fwp%2Fv2%2Fcomments&post=121"}],"version-history":[{"count":1,"href":"https:\/\/efferen.cdu-huerth.de\/index.php?rest_route=\/wp\/v2\/posts\/121\/revisions"}],"predecessor-version":[{"id":123,"href":"https:\/\/efferen.cdu-huerth.de\/index.php?rest_route=\/wp\/v2\/posts\/121\/revisions\/123"}],"wp:featuredmedia":[{"embeddable":true,"href":"https:\/\/efferen.cdu-huerth.de\/index.php?rest_route=\/wp\/v2\/media\/122"}],"wp:attachment":[{"href":"https:\/\/efferen.cdu-huerth.de\/index.php?rest_route=%2Fwp%2Fv2%2Fmedia&parent=121"}],"wp:term":[{"taxonomy":"category","embeddable":true,"href":"https:\/\/efferen.cdu-huerth.de\/index.php?rest_route=%2Fwp%2Fv2%2Fcategories&post=121"},{"taxonomy":"post_tag","embeddable":true,"href":"https:\/\/efferen.cdu-huerth.de\/index.php?rest_route=%2Fwp%2Fv2%2Ftags&post=121"}],"curies":[{"name":"wp","href":"https:\/\/api.w.org\/{rel}","templated":true}]}}