{"id":1260,"date":"2016-02-02T14:54:41","date_gmt":"2016-02-02T13:54:41","guid":{"rendered":"http:\/\/efferen.cdu-huerth.de\/wp\/?p=1260"},"modified":"2016-02-02T14:56:30","modified_gmt":"2016-02-02T13:56:30","slug":"schotterweg-am-duffesbach-gustav-stresemann-ring-41-43","status":"publish","type":"post","link":"https:\/\/efferen.cdu-huerth.de\/?p=1260","title":{"rendered":"Schotterweg am Duffesbach \/ Gustav &#8211; Stresemann \u2013 Ring 41 &#8211; 43!"},"content":{"rendered":"<p>Auf Bitten der Anlieger habe ich schon mehrfach die Abteilung Wegeunterhaltung angeschrieben bzw. telefonisch auf den schlechten Zustand des Schotterweges am Gustav Stresemann Ring hingewiesen. Nach einer kr\u00e4ftigen Regenschau ist der Weg nicht mehr zu benutzten (siehe Foto) und die B\u00fcrgerinnen und B\u00fcrger m\u00fcssen \u00fcber die Wiese laufen. Es werden zwar Ausbesserungen vorgenommen die aber bei weitem nicht ausreichen. Deswegen\u00a0 Bitte \u00a0ich dringend um weitere \u00a0tempor\u00e4re \u00a0Instandhaltungsma\u00dfnahmen, sowie\u00a0 eine schriftliche Stellungnahme Ihrer Fachabteilung zu den zuk\u00fcnftigen Ma\u00dfnahmen. 20.01.2016<\/p>\n","protected":false},"excerpt":{"rendered":"<p>Auf Bitten der Anlieger habe ich schon mehrfach die Abteilung Wegeunterhaltung angeschrieben bzw. telefonisch auf den schlechten Zustand des Schotterweges am Gustav Stresemann Ring hingewiesen. Nach einer kr\u00e4ftigen Regenschau ist der Weg nicht mehr zu benutzten (siehe Foto) und die B\u00fcrgerinnen und B\u00fcrger m\u00fcssen \u00fcber die Wiese laufen. Es werden zwar Ausbesserungen vorgenommen die aber &hellip; <\/p>\n<p><a class=\"more-link btn\" href=\"https:\/\/efferen.cdu-huerth.de\/?p=1260\">Weiterlesen<\/a><\/p>\n","protected":false},"author":4,"featured_media":0,"comment_status":"open","ping_status":"open","sticky":false,"template":"","format":"standard","meta":{"ngg_post_thumbnail":0,"footnotes":"","_links_to":"","_links_to_target":""},"categories":[1,17],"tags":[],"class_list":["post-1260","post","type-post","status-publish","format-standard","hentry","category-allgemein","category-ortsvorsteher","item-wrap"],"_links":{"self":[{"href":"https:\/\/efferen.cdu-huerth.de\/index.php?rest_route=\/wp\/v2\/posts\/1260","targetHints":{"allow":["GET"]}}],"collection":[{"href":"https:\/\/efferen.cdu-huerth.de\/index.php?rest_route=\/wp\/v2\/posts"}],"about":[{"href":"https:\/\/efferen.cdu-huerth.de\/index.php?rest_route=\/wp\/v2\/types\/post"}],"author":[{"embeddable":true,"href":"https:\/\/efferen.cdu-huerth.de\/index.php?rest_route=\/wp\/v2\/users\/4"}],"replies":[{"embeddable":true,"href":"https:\/\/efferen.cdu-huerth.de\/index.php?rest_route=%2Fwp%2Fv2%2Fcomments&post=1260"}],"version-history":[{"count":1,"href":"https:\/\/efferen.cdu-huerth.de\/index.php?rest_route=\/wp\/v2\/posts\/1260\/revisions"}],"predecessor-version":[{"id":1262,"href":"https:\/\/efferen.cdu-huerth.de\/index.php?rest_route=\/wp\/v2\/posts\/1260\/revisions\/1262"}],"wp:attachment":[{"href":"https:\/\/efferen.cdu-huerth.de\/index.php?rest_route=%2Fwp%2Fv2%2Fmedia&parent=1260"}],"wp:term":[{"taxonomy":"category","embeddable":true,"href":"https:\/\/efferen.cdu-huerth.de\/index.php?rest_route=%2Fwp%2Fv2%2Fcategories&post=1260"},{"taxonomy":"post_tag","embeddable":true,"href":"https:\/\/efferen.cdu-huerth.de\/index.php?rest_route=%2Fwp%2Fv2%2Ftags&post=1260"}],"curies":[{"name":"wp","href":"https:\/\/api.w.org\/{rel}","templated":true}]}}