{"id":1266,"date":"2016-02-11T19:06:58","date_gmt":"2016-02-11T18:06:58","guid":{"rendered":"http:\/\/efferen.cdu-huerth.de\/wp\/?p=1266"},"modified":"2016-02-11T19:06:58","modified_gmt":"2016-02-11T18:06:58","slug":"antwortschreiben-zum-thema-zusaetzliche-parkplaetze-am-sportplatz-efferen","status":"publish","type":"post","link":"https:\/\/efferen.cdu-huerth.de\/?p=1266","title":{"rendered":"Antwortschreiben zum Thema zus\u00e4tzliche Parkpl\u00e4tze am Sportplatz Efferen"},"content":{"rendered":"<p>Zitat. Ab dem 22.01.2016 werden wieder alle bisher vorhandenen Parkpl\u00e4tze vor dem Sportplatz zu Verf\u00fcgung stehen. Dar\u00fcber hinaus wurden zu Verbesserung der Parkm\u00f6glichkeit auf Anregung der Stadtwerke in Abstimmung mit dem Verkehrsplan der Stadt in diesem Abschnitt bereits zus\u00e4tzlich f\u00fcnf, d.h. somit elf weitere PKW Stellpl\u00e4tze neu hergestellt. Dieses wurde den Anliegern und Ihnen mit dem Anliegerschreiben vom 25.09.2015 mitgeteilt. Wir halten daher die von Ihnen vorgeschlagene tempor\u00e4re bzw. dauerhafte Befestigung des Randstreifens f\u00fcr die Herstellung weiterer Stellpl\u00e4tze f\u00fcr aktuell nicht mehr erforderlich. 10.01.2016<\/p>\n","protected":false},"excerpt":{"rendered":"<p>Zitat. Ab dem 22.01.2016 werden wieder alle bisher vorhandenen Parkpl\u00e4tze vor dem Sportplatz zu Verf\u00fcgung stehen. Dar\u00fcber hinaus wurden zu Verbesserung der Parkm\u00f6glichkeit auf Anregung der Stadtwerke in Abstimmung mit dem Verkehrsplan der Stadt in diesem Abschnitt bereits zus\u00e4tzlich f\u00fcnf, d.h. somit elf weitere PKW Stellpl\u00e4tze neu hergestellt. Dieses wurde den Anliegern und Ihnen mit &hellip; <\/p>\n<p><a class=\"more-link btn\" href=\"https:\/\/efferen.cdu-huerth.de\/?p=1266\">Weiterlesen<\/a><\/p>\n","protected":false},"author":4,"featured_media":0,"comment_status":"open","ping_status":"open","sticky":false,"template":"","format":"standard","meta":{"ngg_post_thumbnail":0,"footnotes":"","_links_to":"","_links_to_target":""},"categories":[17],"tags":[],"class_list":["post-1266","post","type-post","status-publish","format-standard","hentry","category-ortsvorsteher","item-wrap"],"_links":{"self":[{"href":"https:\/\/efferen.cdu-huerth.de\/index.php?rest_route=\/wp\/v2\/posts\/1266","targetHints":{"allow":["GET"]}}],"collection":[{"href":"https:\/\/efferen.cdu-huerth.de\/index.php?rest_route=\/wp\/v2\/posts"}],"about":[{"href":"https:\/\/efferen.cdu-huerth.de\/index.php?rest_route=\/wp\/v2\/types\/post"}],"author":[{"embeddable":true,"href":"https:\/\/efferen.cdu-huerth.de\/index.php?rest_route=\/wp\/v2\/users\/4"}],"replies":[{"embeddable":true,"href":"https:\/\/efferen.cdu-huerth.de\/index.php?rest_route=%2Fwp%2Fv2%2Fcomments&post=1266"}],"version-history":[{"count":1,"href":"https:\/\/efferen.cdu-huerth.de\/index.php?rest_route=\/wp\/v2\/posts\/1266\/revisions"}],"predecessor-version":[{"id":1267,"href":"https:\/\/efferen.cdu-huerth.de\/index.php?rest_route=\/wp\/v2\/posts\/1266\/revisions\/1267"}],"wp:attachment":[{"href":"https:\/\/efferen.cdu-huerth.de\/index.php?rest_route=%2Fwp%2Fv2%2Fmedia&parent=1266"}],"wp:term":[{"taxonomy":"category","embeddable":true,"href":"https:\/\/efferen.cdu-huerth.de\/index.php?rest_route=%2Fwp%2Fv2%2Fcategories&post=1266"},{"taxonomy":"post_tag","embeddable":true,"href":"https:\/\/efferen.cdu-huerth.de\/index.php?rest_route=%2Fwp%2Fv2%2Ftags&post=1266"}],"curies":[{"name":"wp","href":"https:\/\/api.w.org\/{rel}","templated":true}]}}