{"id":1268,"date":"2016-02-12T17:06:16","date_gmt":"2016-02-12T16:06:16","guid":{"rendered":"http:\/\/efferen.cdu-huerth.de\/wp\/?p=1268"},"modified":"2016-02-12T17:11:08","modified_gmt":"2016-02-12T16:11:08","slug":"boulebahn-in-efferen","status":"publish","type":"post","link":"https:\/\/efferen.cdu-huerth.de\/?p=1268","title":{"rendered":"Boulebahn in Efferen"},"content":{"rendered":"<p>Boulebahn in Efferen,<\/p>\n<p>der Ortsvorsteher hat nichts dagegen aber es sollte schon der richtige Standort sein um einen breiten Konsens in der B\u00fcrgerschaft zu erreichen! Nach der Ablehnung, Begr\u00fcndung ja reichlich beschrieben in den Zeitungen, hei\u00dft es jetzt nach Alternativen zu suchen und die gibt es in Efferen. Daher hat die Stadtverwaltung zu einer Ortsbegehung am 02.03.2016 eingeladen um die vorgeschlagenen Standorte zu begehen.<\/p>\n<p>Alternative Standorte sind:<\/p>\n<p>*Ahl Scholl<\/p>\n<p>*Die gro\u00dfe Wiese zwischen Lortzingstra\u00dfe und Spielplatz Gustav \u2013 Stresemann &#8211; Ring<\/p>\n<p>* Am Duffesbach \u2013 Im Bereich Krankenhausstra\u00dfe \u2013 Gustav \u2013 Stresemann \u2013 Ring<\/p>\n<p>*An der Burg Efferen am Turmweg<\/p>\n<p>* Hans R\u00f6hrig Platz zwischen Haus Burgpark und der Gastst\u00e4tte Laterne<\/p>\n<p>Also eine reichliche Anzahl von M\u00f6glichkeiten. Alle Pl\u00e4tze sind zentral gelegen und bei gutem Willen kann man einen geeigneten Standort finden der alle zufrieden stellt! Ich denke das sollte m\u00f6glich sein!<\/p>\n<p>&nbsp;<\/p>\n","protected":false},"excerpt":{"rendered":"<p>Boulebahn in Efferen, der Ortsvorsteher hat nichts dagegen aber es sollte schon der richtige Standort sein um einen breiten Konsens in der B\u00fcrgerschaft zu erreichen! Nach der Ablehnung, Begr\u00fcndung ja reichlich beschrieben in den Zeitungen, hei\u00dft es jetzt nach Alternativen zu suchen und die gibt es in Efferen. Daher hat die Stadtverwaltung zu einer Ortsbegehung &hellip; <\/p>\n<p><a class=\"more-link btn\" href=\"https:\/\/efferen.cdu-huerth.de\/?p=1268\">Weiterlesen<\/a><\/p>\n","protected":false},"author":4,"featured_media":0,"comment_status":"open","ping_status":"open","sticky":false,"template":"","format":"standard","meta":{"ngg_post_thumbnail":0,"footnotes":"","_links_to":"","_links_to_target":""},"categories":[1,17],"tags":[],"class_list":["post-1268","post","type-post","status-publish","format-standard","hentry","category-allgemein","category-ortsvorsteher","item-wrap"],"_links":{"self":[{"href":"https:\/\/efferen.cdu-huerth.de\/index.php?rest_route=\/wp\/v2\/posts\/1268","targetHints":{"allow":["GET"]}}],"collection":[{"href":"https:\/\/efferen.cdu-huerth.de\/index.php?rest_route=\/wp\/v2\/posts"}],"about":[{"href":"https:\/\/efferen.cdu-huerth.de\/index.php?rest_route=\/wp\/v2\/types\/post"}],"author":[{"embeddable":true,"href":"https:\/\/efferen.cdu-huerth.de\/index.php?rest_route=\/wp\/v2\/users\/4"}],"replies":[{"embeddable":true,"href":"https:\/\/efferen.cdu-huerth.de\/index.php?rest_route=%2Fwp%2Fv2%2Fcomments&post=1268"}],"version-history":[{"count":2,"href":"https:\/\/efferen.cdu-huerth.de\/index.php?rest_route=\/wp\/v2\/posts\/1268\/revisions"}],"predecessor-version":[{"id":1270,"href":"https:\/\/efferen.cdu-huerth.de\/index.php?rest_route=\/wp\/v2\/posts\/1268\/revisions\/1270"}],"wp:attachment":[{"href":"https:\/\/efferen.cdu-huerth.de\/index.php?rest_route=%2Fwp%2Fv2%2Fmedia&parent=1268"}],"wp:term":[{"taxonomy":"category","embeddable":true,"href":"https:\/\/efferen.cdu-huerth.de\/index.php?rest_route=%2Fwp%2Fv2%2Fcategories&post=1268"},{"taxonomy":"post_tag","embeddable":true,"href":"https:\/\/efferen.cdu-huerth.de\/index.php?rest_route=%2Fwp%2Fv2%2Ftags&post=1268"}],"curies":[{"name":"wp","href":"https:\/\/api.w.org\/{rel}","templated":true}]}}