{"id":128,"date":"2012-10-21T13:12:38","date_gmt":"2012-10-21T11:12:38","guid":{"rendered":"http:\/\/efferen.cdu-huerth.de\/wp\/?p=128"},"modified":"2015-03-04T19:50:48","modified_gmt":"2015-03-04T18:50:48","slug":"cdu-ortsverband-efferen-auf-dem-richtigen-weg","status":"publish","type":"post","link":"https:\/\/efferen.cdu-huerth.de\/?p=128","title":{"rendered":"CDU &#8211; Ortsverband Efferen auf dem richtigen Weg!"},"content":{"rendered":"<div id=\"attachment_129\" style=\"width: 300px\" class=\"wp-caption alignleft\"><img loading=\"lazy\" decoding=\"async\" aria-describedby=\"caption-attachment-129\" class=\"wp-image-129 \" title=\"001 (Small)\" src=\"http:\/\/efferen.cdu-huerth.de\/\/wp-content\/uploads\/2012\/10\/001-Small-300x225.jpg\" alt=\"\" width=\"300\" height=\"225\" srcset=\"https:\/\/efferen.cdu-huerth.de\/wp-content\/uploads\/2012\/10\/001-Small-300x225.jpg 300w, https:\/\/efferen.cdu-huerth.de\/wp-content\/uploads\/2012\/10\/001-Small.jpg 639w\" sizes=\"auto, (max-width: 300px) 100vw, 300px\" \/><p id=\"caption-attachment-129\" class=\"wp-caption-text\">Countdown zum &#8220;B\u00fcrgertreff&#8221; mit den ersten G\u00e4sten<\/p><\/div>\n<p style=\"text-align: justify;\">Der CDU-Ortsverband Efferen traf sich am 18.10.2012 mit interessierten B\u00fcrgern zu einem Informationsaustausch \u00fcber aktuelle Themen aus dem Ortsteil Efferen und der Stadt H\u00fcrth! Lehrschwimm-becken, De B\u00fctt, Stromnetzerneuerung und die Finanzen der Stadt waren die Themen der B\u00fcrger!<br \/>\nDer Vorstand bedankt sich f\u00fcr die Teilnahme und freut sich schon auf den zweiten &#8220;B\u00fcrgertreff&#8221; im n\u00e4chsten Jahr!<\/p>\n","protected":false},"excerpt":{"rendered":"<p>Der CDU-Ortsverband Efferen traf sich am 18.10.2012 mit interessierten B\u00fcrgern zu einem Informationsaustausch \u00fcber aktuelle Themen aus dem Ortsteil Efferen und der Stadt H\u00fcrth! Lehrschwimm-becken, De B\u00fctt, Stromnetzerneuerung und die Finanzen der Stadt waren die Themen der B\u00fcrger! Der Vorstand bedankt sich f\u00fcr die Teilnahme und freut sich schon auf den zweiten &#8220;B\u00fcrgertreff&#8221; im n\u00e4chsten &hellip; <\/p>\n<p><a class=\"more-link btn\" href=\"https:\/\/efferen.cdu-huerth.de\/?p=128\">Weiterlesen<\/a><\/p>\n","protected":false},"author":4,"featured_media":129,"comment_status":"closed","ping_status":"open","sticky":false,"template":"","format":"standard","meta":{"ngg_post_thumbnail":0,"footnotes":"","_links_to":"","_links_to_target":""},"categories":[1],"tags":[],"class_list":["post-128","post","type-post","status-publish","format-standard","has-post-thumbnail","hentry","category-allgemein","item-wrap"],"_links":{"self":[{"href":"https:\/\/efferen.cdu-huerth.de\/index.php?rest_route=\/wp\/v2\/posts\/128","targetHints":{"allow":["GET"]}}],"collection":[{"href":"https:\/\/efferen.cdu-huerth.de\/index.php?rest_route=\/wp\/v2\/posts"}],"about":[{"href":"https:\/\/efferen.cdu-huerth.de\/index.php?rest_route=\/wp\/v2\/types\/post"}],"author":[{"embeddable":true,"href":"https:\/\/efferen.cdu-huerth.de\/index.php?rest_route=\/wp\/v2\/users\/4"}],"replies":[{"embeddable":true,"href":"https:\/\/efferen.cdu-huerth.de\/index.php?rest_route=%2Fwp%2Fv2%2Fcomments&post=128"}],"version-history":[{"count":4,"href":"https:\/\/efferen.cdu-huerth.de\/index.php?rest_route=\/wp\/v2\/posts\/128\/revisions"}],"predecessor-version":[{"id":133,"href":"https:\/\/efferen.cdu-huerth.de\/index.php?rest_route=\/wp\/v2\/posts\/128\/revisions\/133"}],"wp:featuredmedia":[{"embeddable":true,"href":"https:\/\/efferen.cdu-huerth.de\/index.php?rest_route=\/wp\/v2\/media\/129"}],"wp:attachment":[{"href":"https:\/\/efferen.cdu-huerth.de\/index.php?rest_route=%2Fwp%2Fv2%2Fmedia&parent=128"}],"wp:term":[{"taxonomy":"category","embeddable":true,"href":"https:\/\/efferen.cdu-huerth.de\/index.php?rest_route=%2Fwp%2Fv2%2Fcategories&post=128"},{"taxonomy":"post_tag","embeddable":true,"href":"https:\/\/efferen.cdu-huerth.de\/index.php?rest_route=%2Fwp%2Fv2%2Ftags&post=128"}],"curies":[{"name":"wp","href":"https:\/\/api.w.org\/{rel}","templated":true}]}}