{"id":1328,"date":"2016-06-25T14:49:17","date_gmt":"2016-06-25T12:49:17","guid":{"rendered":"http:\/\/efferen.cdu-huerth.de\/?p=1328"},"modified":"2016-06-25T14:49:17","modified_gmt":"2016-06-25T12:49:17","slug":"alter-friedhof-in-efferen","status":"publish","type":"post","link":"https:\/\/efferen.cdu-huerth.de\/?p=1328","title":{"rendered":"Alter Friedhof in Efferen"},"content":{"rendered":"<p>Nun sind die letzten beiden Grabsteine von einer Fachfirma aufgestellt worden. Die alten Grabsteine sind ges\u00e4ubert, ein Weg angelegt und gestiftete Ruheb\u00e4nke aufgestellt! Als letzter Schritt werde ich mich f\u00fcr die Restaurierung\u00a0des Tores\u00a0einsetzen und nach Fertigstellung der Karl-K\u00fchnen-Str. muss die Einz\u00e4unung an der Stra\u00dfenseite erfolgen.<\/p>\n","protected":false},"excerpt":{"rendered":"<p>Nun sind die letzten beiden Grabsteine von einer Fachfirma aufgestellt worden. Die alten Grabsteine sind ges\u00e4ubert, ein Weg angelegt und gestiftete Ruheb\u00e4nke aufgestellt! Als letzter Schritt werde ich mich f\u00fcr die Restaurierung\u00a0des Tores\u00a0einsetzen und nach Fertigstellung der Karl-K\u00fchnen-Str. muss die Einz\u00e4unung an der Stra\u00dfenseite erfolgen.<\/p>\n","protected":false},"author":4,"featured_media":1329,"comment_status":"open","ping_status":"open","sticky":false,"template":"","format":"standard","meta":{"ngg_post_thumbnail":0,"footnotes":"","_links_to":"","_links_to_target":""},"categories":[17],"tags":[],"class_list":["post-1328","post","type-post","status-publish","format-standard","has-post-thumbnail","hentry","category-ortsvorsteher","item-wrap"],"_links":{"self":[{"href":"https:\/\/efferen.cdu-huerth.de\/index.php?rest_route=\/wp\/v2\/posts\/1328","targetHints":{"allow":["GET"]}}],"collection":[{"href":"https:\/\/efferen.cdu-huerth.de\/index.php?rest_route=\/wp\/v2\/posts"}],"about":[{"href":"https:\/\/efferen.cdu-huerth.de\/index.php?rest_route=\/wp\/v2\/types\/post"}],"author":[{"embeddable":true,"href":"https:\/\/efferen.cdu-huerth.de\/index.php?rest_route=\/wp\/v2\/users\/4"}],"replies":[{"embeddable":true,"href":"https:\/\/efferen.cdu-huerth.de\/index.php?rest_route=%2Fwp%2Fv2%2Fcomments&post=1328"}],"version-history":[{"count":1,"href":"https:\/\/efferen.cdu-huerth.de\/index.php?rest_route=\/wp\/v2\/posts\/1328\/revisions"}],"predecessor-version":[{"id":1330,"href":"https:\/\/efferen.cdu-huerth.de\/index.php?rest_route=\/wp\/v2\/posts\/1328\/revisions\/1330"}],"wp:featuredmedia":[{"embeddable":true,"href":"https:\/\/efferen.cdu-huerth.de\/index.php?rest_route=\/wp\/v2\/media\/1329"}],"wp:attachment":[{"href":"https:\/\/efferen.cdu-huerth.de\/index.php?rest_route=%2Fwp%2Fv2%2Fmedia&parent=1328"}],"wp:term":[{"taxonomy":"category","embeddable":true,"href":"https:\/\/efferen.cdu-huerth.de\/index.php?rest_route=%2Fwp%2Fv2%2Fcategories&post=1328"},{"taxonomy":"post_tag","embeddable":true,"href":"https:\/\/efferen.cdu-huerth.de\/index.php?rest_route=%2Fwp%2Fv2%2Ftags&post=1328"}],"curies":[{"name":"wp","href":"https:\/\/api.w.org\/{rel}","templated":true}]}}