{"id":1335,"date":"2016-07-05T10:52:34","date_gmt":"2016-07-05T08:52:34","guid":{"rendered":"http:\/\/efferen.cdu-huerth.de\/?p=1335"},"modified":"2016-07-05T10:52:34","modified_gmt":"2016-07-05T08:52:34","slug":"spende-unterstuetzt-freiwilligendienst-in-ganz-nrw","status":"publish","type":"post","link":"https:\/\/efferen.cdu-huerth.de\/?p=1335","title":{"rendered":"Spende unterst\u00fctzt Freiwilligendienst in ganz NRW"},"content":{"rendered":"<div id=\"id_577b74764233d0904977203\" class=\"text_exposed_root text_exposed\">\n<p>Den Freiwilligendienst der Lebenshilfe NRW unterst\u00fctzten f\u00fcnf Mitglieder des CDU-Ortsverband H\u00fcrth-Efferen mit einer privaten Spende von 300 Euro. \u201eDa wir als Partei nicht spenden d\u00fcrfen, die Arbeit aber wichtig finden haben wir uns zu einer privaten Spende entschlossen\u201c, sagte Thomas Blank. Mit dem Geld wurden 600 blaue Silikonarmb\u00e4nder mit Lebenshilfe-NRW-Schriftzug gekauft.<\/p>\n<p>\u201eDie B\u00e4nder werden jetzt an unsere insgesamt rund <span class=\"text_exposed_hide\">&#8230;<\/span><span class=\"text_exposed_show\">550 Freiwilligendienstler verteilt\u201c, bedankte sich Julia Schlender, Fachbereichsleiterin Freiwilligendienste Lebenshilfe NRW, bei den f\u00fcnf Spendern w\u00e4hrend eines kurzen Rundgangs durch die Landesgesch\u00e4ftsstelle der Lebenshilfe NRW in H\u00fcrth-Stotzheim. \u201eVon hier aus koordinieren wir die Bundesfreiwilligen und Absolventen eines Freiwilligen Sozialen Jahres in ganz Nordrhein-Westfalen, ebenso wie unsere Wohn-, Unterst\u00fctzungs- und Bildungsangebote f\u00fcr Menschen mit Behinderung. Wir decken von hier aus alle Lebensbereiche von Menschen mit Behinderung ab.\u201c <\/span><\/p>\n<div class=\"text_exposed_show\">\n<p>Die Spender Thomas Blank, Daniela Kunze, Hajo Welk und Rolf Elsen (Renate Jansen war verhindert) waren beeindruckt vom Verwaltungsgeb\u00e4ude der Lebenshilfe NRW. \u201eUns war nicht bewusst, wie gro\u00df das hier ist und was von hier alles gesteuert wird. Wir dachten hier w\u00fcrden auch Kinder mit Behinderung leben\u201c sagte Blank, der erstaunt feststellte, das dem nicht so ist. Auch \u00fcber die Art der Finanzierung der Arbeit der Lebenshilfe NRW und \u00fcber Inklusion wurde beim Rundgang diskutiert. Der Landesverband ist auch politisches Sprachrohr der 74 autonomen Orts- und Kreisvereinigungen Nordrhein-Westfalens in Fragen der Landes- und Bundespolitik. Ein bestimmendes Thema ist aktuell das Bundesteilhabegesetz, an dem die Lebenshilfe NRW noch erheblichen \u00c4nderungsbedarf sieht.<\/p>\n<p>1. Juli 2016<\/p>\n<p><i class=\"_4ay8\">\u00a9<\/i> 2015 Lebenshilfe Nordrhein Westfalen e.V. &#8211; 50354 H\u00fcrth, Abtstr. 21, E-Mail: info@lebenshilfe-nrw.de<\/p>\n<\/div>\n<\/div>\n","protected":false},"excerpt":{"rendered":"<p>Den Freiwilligendienst der Lebenshilfe NRW unterst\u00fctzten f\u00fcnf Mitglieder des CDU-Ortsverband H\u00fcrth-Efferen mit einer privaten Spende von 300 Euro. \u201eDa wir als Partei nicht spenden d\u00fcrfen, die Arbeit aber wichtig finden haben wir uns zu einer privaten Spende entschlossen\u201c, sagte Thomas Blank. Mit dem Geld wurden 600 blaue Silikonarmb\u00e4nder mit Lebenshilfe-NRW-Schriftzug gekauft. \u201eDie B\u00e4nder werden jetzt &hellip; <\/p>\n<p><a class=\"more-link btn\" href=\"https:\/\/efferen.cdu-huerth.de\/?p=1335\">Weiterlesen<\/a><\/p>\n","protected":false},"author":4,"featured_media":1336,"comment_status":"open","ping_status":"open","sticky":false,"template":"","format":"standard","meta":{"ngg_post_thumbnail":0,"footnotes":"","_links_to":"","_links_to_target":""},"categories":[1],"tags":[],"class_list":["post-1335","post","type-post","status-publish","format-standard","has-post-thumbnail","hentry","category-allgemein","item-wrap"],"_links":{"self":[{"href":"https:\/\/efferen.cdu-huerth.de\/index.php?rest_route=\/wp\/v2\/posts\/1335","targetHints":{"allow":["GET"]}}],"collection":[{"href":"https:\/\/efferen.cdu-huerth.de\/index.php?rest_route=\/wp\/v2\/posts"}],"about":[{"href":"https:\/\/efferen.cdu-huerth.de\/index.php?rest_route=\/wp\/v2\/types\/post"}],"author":[{"embeddable":true,"href":"https:\/\/efferen.cdu-huerth.de\/index.php?rest_route=\/wp\/v2\/users\/4"}],"replies":[{"embeddable":true,"href":"https:\/\/efferen.cdu-huerth.de\/index.php?rest_route=%2Fwp%2Fv2%2Fcomments&post=1335"}],"version-history":[{"count":1,"href":"https:\/\/efferen.cdu-huerth.de\/index.php?rest_route=\/wp\/v2\/posts\/1335\/revisions"}],"predecessor-version":[{"id":1337,"href":"https:\/\/efferen.cdu-huerth.de\/index.php?rest_route=\/wp\/v2\/posts\/1335\/revisions\/1337"}],"wp:featuredmedia":[{"embeddable":true,"href":"https:\/\/efferen.cdu-huerth.de\/index.php?rest_route=\/wp\/v2\/media\/1336"}],"wp:attachment":[{"href":"https:\/\/efferen.cdu-huerth.de\/index.php?rest_route=%2Fwp%2Fv2%2Fmedia&parent=1335"}],"wp:term":[{"taxonomy":"category","embeddable":true,"href":"https:\/\/efferen.cdu-huerth.de\/index.php?rest_route=%2Fwp%2Fv2%2Fcategories&post=1335"},{"taxonomy":"post_tag","embeddable":true,"href":"https:\/\/efferen.cdu-huerth.de\/index.php?rest_route=%2Fwp%2Fv2%2Ftags&post=1335"}],"curies":[{"name":"wp","href":"https:\/\/api.w.org\/{rel}","templated":true}]}}