{"id":1338,"date":"2016-07-11T13:17:46","date_gmt":"2016-07-11T11:17:46","guid":{"rendered":"http:\/\/efferen.cdu-huerth.de\/?p=1338"},"modified":"2016-07-11T13:17:46","modified_gmt":"2016-07-11T11:17:46","slug":"zwei-neue-parkbaenke-fuer-umgestaltetes-areal-gespendet","status":"publish","type":"post","link":"https:\/\/efferen.cdu-huerth.de\/?p=1338","title":{"rendered":"Zwei neue Parkb\u00e4nke f\u00fcr umgestaltetes Areal gespendet"},"content":{"rendered":"<p>B\u00fcrgermeister Dirk Breuer dankte allen Beteiligten auf der Fl\u00e4che im Bereich von Berrenrather Stra\u00dfe und Esserstra\u00dfe<\/p>\n<p>H\u00dcRTH (p\u00fc). \u2013 Vor vier Jahren hatte die Erste Efferener Karnevalsgesellschaft bewiesen, \u00a0dass sie nicht nur in der f\u00fcnften Jahreszeit aktiv ist und das Wegekreuz im Stadtteil Efferen im Bereich von Berrenrather Stra\u00dfe und Esserstra\u00dfe aufw\u00e4ndig mit Hei\u00dfwasserdampf gereinigt. Nach Angaben des verstorbenen Heimatforschers Clemens Klug stammt es aus dem Jahr 1893. Es geh\u00f6rt der Stadt und steht unter Denkmalschutz.F\u00fcr die Neugestaltung der umgebenden Gr\u00fcnanlage hat sich Ortsvorsteher Thomas Blank nun erfolgreich eingesetzt. B\u00fcrgermeister Dirk Breuer \u00fcberzeugte sich vor Ort von den Versch\u00f6nerungsma\u00dfnahmen, die von den H\u00fcrther Stadtwerken umgesetzt wurden.Zun\u00e4chst wurde die rund 50 Quadratmeter gro\u00dfe Fl\u00e4che gerodet und der Mutterboden ausgetauscht. Im Anschluss daran hatten drei Mitarbeiter der Gr\u00fcnkolonne rund um die vorhandene Eiche verschiedene Gr\u00e4ser, Stauden, Bodendeckerpflanzen sowie je eine Magnolie, einen Ahorn und einen Duftschnellball gepflanzt. Beidseitig des Ehrenmals wurde Naturpflaster verlegt und dahinter Split als Bodenbelag verwendet. Dar\u00fcber hinaus wurde ein Abfallbeh\u00e4lter montiert. Ferner sind zwei Parkb\u00e4nke standsicher befestigt worden, die zum Verweilen einladen. Finanziert wurden diese von Ilse und Horst Blank vom gegen\u00fcber liegenden Friseurgesch\u00e4ft sowie von den Efferener B\u00fcrgern Ulrich Baum und Bastian Fellmett.\u00a0\u201eEfferen ist damit ein St\u00fcck weit sch\u00f6ner geworden. Jetzt l\u00e4dt dieser idyllische Ort zum Verweilen ein\u201c, zeigte sich B\u00fcrgermeister Dirk Breuer beeindruckt und dankte allen Beteiligten f\u00fcr ihr Engagement. Ortsvorsteher Thomas Blank nimmt die Fertigstellung des Areals zum Anlass, f\u00fcr Patenschaften zur Pflege der Anlage zu werben. Informationen erteilt er unter Handy 0170 964 7179.<\/p>\n<p><strong>Bildunterschrift: <\/strong>Gute Laune bei der Besichtigung der neu gestalteten Fl\u00e4che hinter dem Wegekreuz: (v.l.) Ortsvorsteher Thomas Blank, Ilse Blank, Bastian Fellmett, Tom Fellmett, B\u00fcrgermeister Dirk Breuer, Horst Blank und Ulrich Baum. Foto: P\u00fctz<\/p>\n","protected":false},"excerpt":{"rendered":"<p>B\u00fcrgermeister Dirk Breuer dankte allen Beteiligten auf der Fl\u00e4che im Bereich von Berrenrather Stra\u00dfe und Esserstra\u00dfe H\u00dcRTH (p\u00fc). \u2013 Vor vier Jahren hatte die Erste Efferener Karnevalsgesellschaft bewiesen, \u00a0dass sie nicht nur in der f\u00fcnften Jahreszeit aktiv ist und das Wegekreuz im Stadtteil Efferen im Bereich von Berrenrather Stra\u00dfe und Esserstra\u00dfe aufw\u00e4ndig mit Hei\u00dfwasserdampf gereinigt. &hellip; <\/p>\n<p><a class=\"more-link btn\" href=\"https:\/\/efferen.cdu-huerth.de\/?p=1338\">Weiterlesen<\/a><\/p>\n","protected":false},"author":4,"featured_media":1339,"comment_status":"open","ping_status":"open","sticky":false,"template":"","format":"standard","meta":{"ngg_post_thumbnail":0,"footnotes":"","_links_to":"","_links_to_target":""},"categories":[17],"tags":[],"class_list":["post-1338","post","type-post","status-publish","format-standard","has-post-thumbnail","hentry","category-ortsvorsteher","item-wrap"],"_links":{"self":[{"href":"https:\/\/efferen.cdu-huerth.de\/index.php?rest_route=\/wp\/v2\/posts\/1338","targetHints":{"allow":["GET"]}}],"collection":[{"href":"https:\/\/efferen.cdu-huerth.de\/index.php?rest_route=\/wp\/v2\/posts"}],"about":[{"href":"https:\/\/efferen.cdu-huerth.de\/index.php?rest_route=\/wp\/v2\/types\/post"}],"author":[{"embeddable":true,"href":"https:\/\/efferen.cdu-huerth.de\/index.php?rest_route=\/wp\/v2\/users\/4"}],"replies":[{"embeddable":true,"href":"https:\/\/efferen.cdu-huerth.de\/index.php?rest_route=%2Fwp%2Fv2%2Fcomments&post=1338"}],"version-history":[{"count":1,"href":"https:\/\/efferen.cdu-huerth.de\/index.php?rest_route=\/wp\/v2\/posts\/1338\/revisions"}],"predecessor-version":[{"id":1340,"href":"https:\/\/efferen.cdu-huerth.de\/index.php?rest_route=\/wp\/v2\/posts\/1338\/revisions\/1340"}],"wp:featuredmedia":[{"embeddable":true,"href":"https:\/\/efferen.cdu-huerth.de\/index.php?rest_route=\/wp\/v2\/media\/1339"}],"wp:attachment":[{"href":"https:\/\/efferen.cdu-huerth.de\/index.php?rest_route=%2Fwp%2Fv2%2Fmedia&parent=1338"}],"wp:term":[{"taxonomy":"category","embeddable":true,"href":"https:\/\/efferen.cdu-huerth.de\/index.php?rest_route=%2Fwp%2Fv2%2Fcategories&post=1338"},{"taxonomy":"post_tag","embeddable":true,"href":"https:\/\/efferen.cdu-huerth.de\/index.php?rest_route=%2Fwp%2Fv2%2Ftags&post=1338"}],"curies":[{"name":"wp","href":"https:\/\/api.w.org\/{rel}","templated":true}]}}