{"id":1348,"date":"2016-07-20T17:02:33","date_gmt":"2016-07-20T15:02:33","guid":{"rendered":"http:\/\/efferen.cdu-huerth.de\/?p=1348"},"modified":"2016-07-22T15:05:28","modified_gmt":"2016-07-22T13:05:28","slug":"neue-neugotische-pieta-fuer-das-heiligen-haeuschen-in-der-brentenstrasse","status":"publish","type":"post","link":"https:\/\/efferen.cdu-huerth.de\/?p=1348","title":{"rendered":"Neue neugotische Pieta&#8217; f\u00fcr das Heiligen H\u00e4uschen in der Brentenstra\u00dfe"},"content":{"rendered":"<p>Endlich ist sie da, die Erlaubnis der Unteren Denkmalbeh\u00f6rde der Stadt H\u00fcrth. Jetzt kann die neue neugotische \u00a0Pieta&#8217; ins Heiligen H\u00e4uschen gestellt werden. Am Sonntag den 11. September 2016, um ca. 11.00 Uhr soll nun in einem kleinen Festakt die erneute Einsegnung der Figur und des H\u00e4uschens durch Kaplan Steiner erfolgen. Als Ortsvorsteher\u00a0bin ich\u00a0sehr erfreut das es gelungen ist die Wiederherrichtung zu erm\u00f6glichen. Ein Dank gilt dem Eigent\u00fcmer des Heiligen H\u00e4uschen der Familie Br\u00fcckmann, der Katholischen Gemeinde St. Mari\u00e4 Geburt, Andrea Weber und Malermeister Josef D\u00f6ring. Wieder ein St\u00fcck &#8221; Sch\u00f6nes &#8221; f\u00fcr Efferen.<\/p>\n","protected":false},"excerpt":{"rendered":"<p>Endlich ist sie da, die Erlaubnis der Unteren Denkmalbeh\u00f6rde der Stadt H\u00fcrth. Jetzt kann die neue neugotische \u00a0Pieta&#8217; ins Heiligen H\u00e4uschen gestellt werden. Am Sonntag den 11. September 2016, um ca. 11.00 Uhr soll nun in einem kleinen Festakt die erneute Einsegnung der Figur und des H\u00e4uschens durch Kaplan Steiner erfolgen. Als Ortsvorsteher\u00a0bin ich\u00a0sehr erfreut &hellip; <\/p>\n<p><a class=\"more-link btn\" href=\"https:\/\/efferen.cdu-huerth.de\/?p=1348\">Weiterlesen<\/a><\/p>\n","protected":false},"author":4,"featured_media":1349,"comment_status":"open","ping_status":"open","sticky":false,"template":"","format":"standard","meta":{"ngg_post_thumbnail":0,"footnotes":"","_links_to":"","_links_to_target":""},"categories":[1,17],"tags":[],"class_list":["post-1348","post","type-post","status-publish","format-standard","has-post-thumbnail","hentry","category-allgemein","category-ortsvorsteher","item-wrap"],"_links":{"self":[{"href":"https:\/\/efferen.cdu-huerth.de\/index.php?rest_route=\/wp\/v2\/posts\/1348","targetHints":{"allow":["GET"]}}],"collection":[{"href":"https:\/\/efferen.cdu-huerth.de\/index.php?rest_route=\/wp\/v2\/posts"}],"about":[{"href":"https:\/\/efferen.cdu-huerth.de\/index.php?rest_route=\/wp\/v2\/types\/post"}],"author":[{"embeddable":true,"href":"https:\/\/efferen.cdu-huerth.de\/index.php?rest_route=\/wp\/v2\/users\/4"}],"replies":[{"embeddable":true,"href":"https:\/\/efferen.cdu-huerth.de\/index.php?rest_route=%2Fwp%2Fv2%2Fcomments&post=1348"}],"version-history":[{"count":2,"href":"https:\/\/efferen.cdu-huerth.de\/index.php?rest_route=\/wp\/v2\/posts\/1348\/revisions"}],"predecessor-version":[{"id":1355,"href":"https:\/\/efferen.cdu-huerth.de\/index.php?rest_route=\/wp\/v2\/posts\/1348\/revisions\/1355"}],"wp:featuredmedia":[{"embeddable":true,"href":"https:\/\/efferen.cdu-huerth.de\/index.php?rest_route=\/wp\/v2\/media\/1349"}],"wp:attachment":[{"href":"https:\/\/efferen.cdu-huerth.de\/index.php?rest_route=%2Fwp%2Fv2%2Fmedia&parent=1348"}],"wp:term":[{"taxonomy":"category","embeddable":true,"href":"https:\/\/efferen.cdu-huerth.de\/index.php?rest_route=%2Fwp%2Fv2%2Fcategories&post=1348"},{"taxonomy":"post_tag","embeddable":true,"href":"https:\/\/efferen.cdu-huerth.de\/index.php?rest_route=%2Fwp%2Fv2%2Ftags&post=1348"}],"curies":[{"name":"wp","href":"https:\/\/api.w.org\/{rel}","templated":true}]}}