{"id":198,"date":"2012-11-24T14:57:19","date_gmt":"2012-11-24T12:57:19","guid":{"rendered":"http:\/\/efferen.cdu-huerth.de\/wp\/?p=198"},"modified":"2012-12-17T09:28:03","modified_gmt":"2012-12-17T07:28:03","slug":"jahreshauptversammlung-november-2012","status":"publish","type":"post","link":"https:\/\/efferen.cdu-huerth.de\/?p=198","title":{"rendered":"Jahreshauptversammlung November 2012"},"content":{"rendered":"\n\t\t<style type=\"text\/css\">\n\t\t\t#gallery-1 {\n\t\t\t\tmargin: auto;\n\t\t\t}\n\t\t\t#gallery-1 .gallery-item {\n\t\t\t\tfloat: left;\n\t\t\t\tmargin-top: 10px;\n\t\t\t\ttext-align: center;\n\t\t\t\twidth: 33%;\n\t\t\t}\n\t\t\t#gallery-1 img {\n\t\t\t\tborder: 2px solid #cfcfcf;\n\t\t\t}\n\t\t\t#gallery-1 .gallery-caption {\n\t\t\t\tmargin-left: 0;\n\t\t\t}\n\t\t\t\/* see gallery_shortcode() in wp-includes\/media.php *\/\n\t\t<\/style>\n\t\t<div id='gallery-1' class='gallery galleryid-198 gallery-columns-3 gallery-size-thumbnail'><dl class='gallery-item'>\n\t\t\t<dt class='gallery-icon landscape'>\n\t\t\t\t<a title=\"21.11.2012 CDU Jahreshauptversammlung (3)\" href='https:\/\/efferen.cdu-huerth.de\/wp-content\/uploads\/2012\/11\/21.11.2012-CDU-Jahreshauptversammlung-3.jpg'><img loading=\"lazy\" decoding=\"async\" width=\"150\" height=\"150\" src=\"https:\/\/efferen.cdu-huerth.de\/wp-content\/uploads\/2012\/11\/21.11.2012-CDU-Jahreshauptversammlung-3-150x150.jpg\" class=\"attachment-thumbnail size-thumbnail\" alt=\"\" \/><\/a>\n\t\t\t<\/dt><\/dl>\n\t\t\t<br style='clear: both' \/>\n\t\t<\/div>\n\n<p>Thomas Blank neuer 1. Vorsitzender im OV H\u00fcrth-Efferen<\/p>\n<p>&nbsp;<\/p>\n<p>Die Mitglieder des CDU- Ortsverband H\u00fcrth- Efferen haben am 21.11.2012 im Haus Burgpark in Efferen, einen neuen Vorstand gew\u00e4hlt. Gerd Fabian, Vorsitzender der CDU H\u00fcrth, leitete die Neuwahl des Vorstandes. Die Mitglieder w\u00e4hlten Thomas Blank einstimmig zum neuen 1. Vorsitzenden!<\/p>\n<p>Thomas Blank bedankte sich f\u00fcr das entgegengebrachte Vertrauen und w\u00fcnscht sich eine gute Zusammenarbeit mit dem neuen Vorstand und den Mitgliedern des Ortsverband.<\/p>\n<p>Des Weiteren wurden gew\u00e4hlt:<\/p>\n<p>Sonja Schmitz, Stellv. Vorsitzende<\/p>\n<p>Ulrich Schulte, Schriftf\u00fchrer<\/p>\n<p>Angelina Koep, Beisitzer<\/p>\n<p>Ruth Steinhilper, Beisitzer<\/p>\n<p>Norbert Brinkmann, Beisitzer<\/p>\n<p>Joachim W\u00fcstefeld, Beisitzer<\/p>\n<p>&nbsp;<\/p>\n<p>Geborene Mitglieder im Vorstand:<\/p>\n<p>Camilla H\u00f6lzer, Ratsmitglied<\/p>\n<p>Herbert Verbr\u00fcggen, Ratsmitglied<\/p>\n<p>Willi Raabe, Ratsmitglied<\/p>\n<p>Gerd Fabian, Ratsmitglied<\/p>\n<p>Otto Winkelhag, Mitglied im Kreistag<\/p>\n<p>&nbsp;<\/p>\n<p>&nbsp;<\/p>\n<p>&nbsp;<\/p>\n<p>&nbsp;<\/p>\n<p>&nbsp;<\/p>\n","protected":false},"excerpt":{"rendered":"<p>Thomas Blank neuer 1. Vorsitzender im OV H\u00fcrth-Efferen &nbsp; Die Mitglieder des CDU- Ortsverband H\u00fcrth- Efferen haben am 21.11.2012 im Haus Burgpark in Efferen, einen neuen Vorstand gew\u00e4hlt. Gerd Fabian, Vorsitzender der CDU H\u00fcrth, leitete die Neuwahl des Vorstandes. Die Mitglieder w\u00e4hlten Thomas Blank einstimmig zum neuen 1. Vorsitzenden! Thomas Blank bedankte sich f\u00fcr das &hellip; <\/p>\n<p><a class=\"more-link btn\" href=\"https:\/\/efferen.cdu-huerth.de\/?p=198\">Weiterlesen<\/a><\/p>\n","protected":false},"author":4,"featured_media":0,"comment_status":"open","ping_status":"open","sticky":false,"template":"","format":"standard","meta":{"ngg_post_thumbnail":0,"footnotes":"","_links_to":"","_links_to_target":""},"categories":[1],"tags":[],"class_list":["post-198","post","type-post","status-publish","format-standard","hentry","category-allgemein","item-wrap"],"_links":{"self":[{"href":"https:\/\/efferen.cdu-huerth.de\/index.php?rest_route=\/wp\/v2\/posts\/198","targetHints":{"allow":["GET"]}}],"collection":[{"href":"https:\/\/efferen.cdu-huerth.de\/index.php?rest_route=\/wp\/v2\/posts"}],"about":[{"href":"https:\/\/efferen.cdu-huerth.de\/index.php?rest_route=\/wp\/v2\/types\/post"}],"author":[{"embeddable":true,"href":"https:\/\/efferen.cdu-huerth.de\/index.php?rest_route=\/wp\/v2\/users\/4"}],"replies":[{"embeddable":true,"href":"https:\/\/efferen.cdu-huerth.de\/index.php?rest_route=%2Fwp%2Fv2%2Fcomments&post=198"}],"version-history":[{"count":10,"href":"https:\/\/efferen.cdu-huerth.de\/index.php?rest_route=\/wp\/v2\/posts\/198\/revisions"}],"predecessor-version":[{"id":201,"href":"https:\/\/efferen.cdu-huerth.de\/index.php?rest_route=\/wp\/v2\/posts\/198\/revisions\/201"}],"wp:attachment":[{"href":"https:\/\/efferen.cdu-huerth.de\/index.php?rest_route=%2Fwp%2Fv2%2Fmedia&parent=198"}],"wp:term":[{"taxonomy":"category","embeddable":true,"href":"https:\/\/efferen.cdu-huerth.de\/index.php?rest_route=%2Fwp%2Fv2%2Fcategories&post=198"},{"taxonomy":"post_tag","embeddable":true,"href":"https:\/\/efferen.cdu-huerth.de\/index.php?rest_route=%2Fwp%2Fv2%2Ftags&post=198"}],"curies":[{"name":"wp","href":"https:\/\/api.w.org\/{rel}","templated":true}]}}