{"id":2244,"date":"2018-10-13T13:41:59","date_gmt":"2018-10-13T11:41:59","guid":{"rendered":"http:\/\/efferen.cdu-huerth.de\/?p=2244"},"modified":"2024-02-26T10:47:22","modified_gmt":"2024-02-26T09:47:22","slug":"55-jahre-mitgliedschaft-in-der-cdu","status":"publish","type":"post","link":"https:\/\/efferen.cdu-huerth.de\/?p=2244","title":{"rendered":"55 Jahre Mitgliedschaft in der CDU"},"content":{"rendered":"<p>Der Ortsverband Efferen gratulierte ganz herzlich Herrn Dr. Bernhard Krajewski zu diesem Jubil\u00e4um. Der Vorsitzende Thomas Blank \u00fcberreichte die Urkunde sowie ein Buchgeschenk der Kreisgesch\u00e4ftsstelle Rhein-Erft. Wir w\u00fcnschen Herrn Krajewski weiterhin alles Gute bei bester Gesundheit.<\/p>\n<p><img loading=\"lazy\" decoding=\"async\" class=\"alignleft size-medium wp-image-2245\" src=\"http:\/\/efferen.cdu-huerth.de\/wp-content\/uploads\/2018\/10\/Krajewski-e1539430882656-169x300.jpg\" alt=\"\" width=\"169\" height=\"300\"><\/p>\n","protected":false},"excerpt":{"rendered":"<p>Der Ortsverband Efferen gratulierte ganz herzlich Herrn Dr. Bernhard Krajewski zu diesem Jubil\u00e4um. Der Vorsitzende Thomas Blank \u00fcberreichte die Urkunde sowie ein Buchgeschenk der Kreisgesch\u00e4ftsstelle Rhein-Erft. Wir w\u00fcnschen Herrn Krajewski weiterhin alles Gute bei bester Gesundheit.<\/p>\n","protected":false},"author":4,"featured_media":2245,"comment_status":"open","ping_status":"open","sticky":false,"template":"","format":"standard","meta":{"ngg_post_thumbnail":0,"footnotes":"","_links_to":"","_links_to_target":""},"categories":[1],"tags":[],"class_list":["post-2244","post","type-post","status-publish","format-standard","has-post-thumbnail","hentry","category-allgemein","item-wrap"],"_links":{"self":[{"href":"https:\/\/efferen.cdu-huerth.de\/index.php?rest_route=\/wp\/v2\/posts\/2244","targetHints":{"allow":["GET"]}}],"collection":[{"href":"https:\/\/efferen.cdu-huerth.de\/index.php?rest_route=\/wp\/v2\/posts"}],"about":[{"href":"https:\/\/efferen.cdu-huerth.de\/index.php?rest_route=\/wp\/v2\/types\/post"}],"author":[{"embeddable":true,"href":"https:\/\/efferen.cdu-huerth.de\/index.php?rest_route=\/wp\/v2\/users\/4"}],"replies":[{"embeddable":true,"href":"https:\/\/efferen.cdu-huerth.de\/index.php?rest_route=%2Fwp%2Fv2%2Fcomments&post=2244"}],"version-history":[{"count":3,"href":"https:\/\/efferen.cdu-huerth.de\/index.php?rest_route=\/wp\/v2\/posts\/2244\/revisions"}],"predecessor-version":[{"id":4429,"href":"https:\/\/efferen.cdu-huerth.de\/index.php?rest_route=\/wp\/v2\/posts\/2244\/revisions\/4429"}],"wp:featuredmedia":[{"embeddable":true,"href":"https:\/\/efferen.cdu-huerth.de\/index.php?rest_route=\/wp\/v2\/media\/2245"}],"wp:attachment":[{"href":"https:\/\/efferen.cdu-huerth.de\/index.php?rest_route=%2Fwp%2Fv2%2Fmedia&parent=2244"}],"wp:term":[{"taxonomy":"category","embeddable":true,"href":"https:\/\/efferen.cdu-huerth.de\/index.php?rest_route=%2Fwp%2Fv2%2Fcategories&post=2244"},{"taxonomy":"post_tag","embeddable":true,"href":"https:\/\/efferen.cdu-huerth.de\/index.php?rest_route=%2Fwp%2Fv2%2Ftags&post=2244"}],"curies":[{"name":"wp","href":"https:\/\/api.w.org\/{rel}","templated":true}]}}