{"id":240,"date":"2012-12-18T14:25:13","date_gmt":"2012-12-18T12:25:13","guid":{"rendered":"http:\/\/efferen.cdu-huerth.de\/wp\/?p=240"},"modified":"2012-12-18T14:25:13","modified_gmt":"2012-12-18T12:25:13","slug":"gluckwunsche-und-mandarinen-zur-weihnachtszeit-canvassing-2012","status":"publish","type":"post","link":"https:\/\/efferen.cdu-huerth.de\/?p=240","title":{"rendered":"Gl\u00fcckw\u00fcnsche und Mandarinen zur Weihnachtszeit! Canvassing 2012"},"content":{"rendered":"<p>Adventszeit und die Vorfreude auf Weihnachten, das war der Anlass f\u00fcr den CDU-OV- Vorstand sich am 15.12.2012 vor der Metzgerei Schild zu treffen um den B\u00fcrgern frohe und gesegnete Weihnachten sowie ein gl\u00fcckliches Neues Jahr 2013 zu w\u00fcnschen. Mandarinen f\u00fcr die Kleinen und Gro\u00dfen gab es als kleines Geschenk. Anschlie\u00dfend wurde das Altersheim in der Kochstar\u00dfe besucht, man plauderte mit den MItbewohnern und verteilte auch hier die Mandarinen mit den besten W\u00fcnschen zu Weihnachtszeit.<\/p>\n<p>&nbsp;<\/p>\n<p>Der Vorstand<\/p>\n<p>&nbsp;<\/p>\n<p>&nbsp;<\/p>\n<p>&nbsp;<\/p>\n","protected":false},"excerpt":{"rendered":"<p>Adventszeit und die Vorfreude auf Weihnachten, das war der Anlass f\u00fcr den CDU-OV- Vorstand sich am 15.12.2012 vor der Metzgerei Schild zu treffen um den B\u00fcrgern frohe und gesegnete Weihnachten sowie ein gl\u00fcckliches Neues Jahr 2013 zu w\u00fcnschen. Mandarinen f\u00fcr die Kleinen und Gro\u00dfen gab es als kleines Geschenk. Anschlie\u00dfend wurde das Altersheim in der &hellip; <\/p>\n<p><a class=\"more-link btn\" href=\"https:\/\/efferen.cdu-huerth.de\/?p=240\">Weiterlesen<\/a><\/p>\n","protected":false},"author":4,"featured_media":0,"comment_status":"open","ping_status":"open","sticky":false,"template":"","format":"standard","meta":{"ngg_post_thumbnail":0,"footnotes":"","_links_to":"","_links_to_target":""},"categories":[1],"tags":[],"class_list":["post-240","post","type-post","status-publish","format-standard","hentry","category-allgemein","item-wrap"],"_links":{"self":[{"href":"https:\/\/efferen.cdu-huerth.de\/index.php?rest_route=\/wp\/v2\/posts\/240","targetHints":{"allow":["GET"]}}],"collection":[{"href":"https:\/\/efferen.cdu-huerth.de\/index.php?rest_route=\/wp\/v2\/posts"}],"about":[{"href":"https:\/\/efferen.cdu-huerth.de\/index.php?rest_route=\/wp\/v2\/types\/post"}],"author":[{"embeddable":true,"href":"https:\/\/efferen.cdu-huerth.de\/index.php?rest_route=\/wp\/v2\/users\/4"}],"replies":[{"embeddable":true,"href":"https:\/\/efferen.cdu-huerth.de\/index.php?rest_route=%2Fwp%2Fv2%2Fcomments&post=240"}],"version-history":[{"count":2,"href":"https:\/\/efferen.cdu-huerth.de\/index.php?rest_route=\/wp\/v2\/posts\/240\/revisions"}],"predecessor-version":[{"id":243,"href":"https:\/\/efferen.cdu-huerth.de\/index.php?rest_route=\/wp\/v2\/posts\/240\/revisions\/243"}],"wp:attachment":[{"href":"https:\/\/efferen.cdu-huerth.de\/index.php?rest_route=%2Fwp%2Fv2%2Fmedia&parent=240"}],"wp:term":[{"taxonomy":"category","embeddable":true,"href":"https:\/\/efferen.cdu-huerth.de\/index.php?rest_route=%2Fwp%2Fv2%2Fcategories&post=240"},{"taxonomy":"post_tag","embeddable":true,"href":"https:\/\/efferen.cdu-huerth.de\/index.php?rest_route=%2Fwp%2Fv2%2Ftags&post=240"}],"curies":[{"name":"wp","href":"https:\/\/api.w.org\/{rel}","templated":true}]}}