{"id":3719,"date":"2023-03-03T13:44:55","date_gmt":"2023-03-03T12:44:55","guid":{"rendered":"http:\/\/efferen.cdu-huerth.de\/?p=3719"},"modified":"2023-03-11T13:49:04","modified_gmt":"2023-03-11T12:49:04","slug":"der-abriss-vom-nettogebaeude-rueckt-naeher","status":"publish","type":"post","link":"https:\/\/efferen.cdu-huerth.de\/?p=3719","title":{"rendered":"Der Abriss vom Nettogeb\u00e4ude an der Kaulardstra\u00dfe r\u00fcckt n\u00e4her!!"},"content":{"rendered":"<p>Der Planungsausschuss (PUV) stimmt dem Bebauungsplan\u00a0 f\u00fcr das neue Geb\u00e4ude an der Kaulardstra\u00dfe zu!! Es soll ein Bio-Supermarkt werden! Ein dreigeschossiges Geb\u00e4ude an der Kaulardstra\u00dfe inklusive Ladenlokal und im hinteren Bereich ein eingeschossiges Geb\u00e4ude mit einem Parkdeck! Die CDU Fraktion und der mehrheitlich von der CDU gepr\u00e4gten Planungsausschuss sind sehr zu frieden mit dem gefundenen Kompromiss!!! Die Efferener B\u00fcrgerinnen und B\u00fcrger k\u00f6nnen sich nun auf den neuen BIO Laden von Alnatura freuen!!!!<\/p>\n<p>&nbsp;<\/p>\n<p><a href=\"http:\/\/efferen.cdu-huerth.de\/wp-content\/uploads\/2023\/03\/Netto-Gebaeude-1-scaled.jpg\"><img loading=\"lazy\" decoding=\"async\" class=\"alignnone size-medium wp-image-3721\" src=\"http:\/\/efferen.cdu-huerth.de\/wp-content\/uploads\/2023\/03\/Netto-Gebaeude-1-300x300.jpg\" alt=\"\" width=\"300\" height=\"300\" srcset=\"https:\/\/efferen.cdu-huerth.de\/wp-content\/uploads\/2023\/03\/Netto-Gebaeude-1-300x300.jpg 300w, https:\/\/efferen.cdu-huerth.de\/wp-content\/uploads\/2023\/03\/Netto-Gebaeude-1-1024x1024.jpg 1024w, https:\/\/efferen.cdu-huerth.de\/wp-content\/uploads\/2023\/03\/Netto-Gebaeude-1-150x150.jpg 150w, https:\/\/efferen.cdu-huerth.de\/wp-content\/uploads\/2023\/03\/Netto-Gebaeude-1-768x768.jpg 768w, https:\/\/efferen.cdu-huerth.de\/wp-content\/uploads\/2023\/03\/Netto-Gebaeude-1-1536x1536.jpg 1536w, https:\/\/efferen.cdu-huerth.de\/wp-content\/uploads\/2023\/03\/Netto-Gebaeude-1-2048x2048.jpg 2048w, https:\/\/efferen.cdu-huerth.de\/wp-content\/uploads\/2023\/03\/Netto-Gebaeude-1-750x750.jpg 750w\" sizes=\"auto, (max-width: 300px) 100vw, 300px\" \/><\/a> <a href=\"http:\/\/efferen.cdu-huerth.de\/wp-content\/uploads\/2023\/03\/Netto-Gebaeude-2-scaled.jpg\"><img loading=\"lazy\" decoding=\"async\" class=\"alignnone size-medium wp-image-3722\" src=\"http:\/\/efferen.cdu-huerth.de\/wp-content\/uploads\/2023\/03\/Netto-Gebaeude-2-300x300.jpg\" alt=\"\" width=\"300\" height=\"300\" srcset=\"https:\/\/efferen.cdu-huerth.de\/wp-content\/uploads\/2023\/03\/Netto-Gebaeude-2-300x300.jpg 300w, https:\/\/efferen.cdu-huerth.de\/wp-content\/uploads\/2023\/03\/Netto-Gebaeude-2-1024x1024.jpg 1024w, https:\/\/efferen.cdu-huerth.de\/wp-content\/uploads\/2023\/03\/Netto-Gebaeude-2-150x150.jpg 150w, https:\/\/efferen.cdu-huerth.de\/wp-content\/uploads\/2023\/03\/Netto-Gebaeude-2-768x768.jpg 768w, https:\/\/efferen.cdu-huerth.de\/wp-content\/uploads\/2023\/03\/Netto-Gebaeude-2-1536x1536.jpg 1536w, https:\/\/efferen.cdu-huerth.de\/wp-content\/uploads\/2023\/03\/Netto-Gebaeude-2-2048x2048.jpg 2048w, https:\/\/efferen.cdu-huerth.de\/wp-content\/uploads\/2023\/03\/Netto-Gebaeude-2-750x750.jpg 750w\" sizes=\"auto, (max-width: 300px) 100vw, 300px\" \/><\/a><\/p>\n","protected":false},"excerpt":{"rendered":"<p>Der Planungsausschuss (PUV) stimmt dem Bebauungsplan\u00a0 f\u00fcr das neue Geb\u00e4ude an der Kaulardstra\u00dfe zu!! Es soll ein Bio-Supermarkt werden! Ein dreigeschossiges Geb\u00e4ude an der Kaulardstra\u00dfe inklusive Ladenlokal und im hinteren Bereich ein eingeschossiges Geb\u00e4ude mit einem Parkdeck! Die CDU Fraktion und der mehrheitlich von der CDU gepr\u00e4gten Planungsausschuss sind sehr zu frieden mit dem gefundenen &hellip; <\/p>\n<p><a class=\"more-link btn\" href=\"https:\/\/efferen.cdu-huerth.de\/?p=3719\">Weiterlesen<\/a><\/p>\n","protected":false},"author":4,"featured_media":0,"comment_status":"open","ping_status":"open","sticky":false,"template":"","format":"standard","meta":{"ngg_post_thumbnail":0,"footnotes":"","_links_to":"","_links_to_target":""},"categories":[1],"tags":[],"class_list":["post-3719","post","type-post","status-publish","format-standard","hentry","category-allgemein","item-wrap"],"_links":{"self":[{"href":"https:\/\/efferen.cdu-huerth.de\/index.php?rest_route=\/wp\/v2\/posts\/3719","targetHints":{"allow":["GET"]}}],"collection":[{"href":"https:\/\/efferen.cdu-huerth.de\/index.php?rest_route=\/wp\/v2\/posts"}],"about":[{"href":"https:\/\/efferen.cdu-huerth.de\/index.php?rest_route=\/wp\/v2\/types\/post"}],"author":[{"embeddable":true,"href":"https:\/\/efferen.cdu-huerth.de\/index.php?rest_route=\/wp\/v2\/users\/4"}],"replies":[{"embeddable":true,"href":"https:\/\/efferen.cdu-huerth.de\/index.php?rest_route=%2Fwp%2Fv2%2Fcomments&post=3719"}],"version-history":[{"count":5,"href":"https:\/\/efferen.cdu-huerth.de\/index.php?rest_route=\/wp\/v2\/posts\/3719\/revisions"}],"predecessor-version":[{"id":3727,"href":"https:\/\/efferen.cdu-huerth.de\/index.php?rest_route=\/wp\/v2\/posts\/3719\/revisions\/3727"}],"wp:attachment":[{"href":"https:\/\/efferen.cdu-huerth.de\/index.php?rest_route=%2Fwp%2Fv2%2Fmedia&parent=3719"}],"wp:term":[{"taxonomy":"category","embeddable":true,"href":"https:\/\/efferen.cdu-huerth.de\/index.php?rest_route=%2Fwp%2Fv2%2Fcategories&post=3719"},{"taxonomy":"post_tag","embeddable":true,"href":"https:\/\/efferen.cdu-huerth.de\/index.php?rest_route=%2Fwp%2Fv2%2Ftags&post=3719"}],"curies":[{"name":"wp","href":"https:\/\/api.w.org\/{rel}","templated":true}]}}