{"id":3967,"date":"2023-09-27T12:48:46","date_gmt":"2023-09-27T10:48:46","guid":{"rendered":"https:\/\/efferen.cdu-huerth.de\/?p=3967"},"modified":"2023-10-21T14:51:42","modified_gmt":"2023-10-21T12:51:42","slug":"eine-infotafel-fuer-den-alten-friedhof","status":"publish","type":"post","link":"https:\/\/efferen.cdu-huerth.de\/?p=3967","title":{"rendered":"Eine Infotafel f\u00fcr den alten Friedhof"},"content":{"rendered":"<p>Der F\u00f6rderverein Efferen e.V., der ja eine Patenschaft f\u00fcr den &#8220;Alten Friedhof&#8221; \u00fcbernommen hat, stellte jetzt eine Infotafel auf! Ein Lageplan mit Informationen zu den alten Grabsteinen auf dem Friedhof!<\/p>\n<p>Ein Dank an Frau Imogen Dittmann-Sch\u00f6ne f\u00fcr die Recherche und die\u00a0 begleitenden Texte zu den Grabst\u00e4tten und an Frau Stephanie Bankert von der Unteren Denkmalbeh\u00f6rde der Stadt H\u00fcrth f\u00fcr eine vielf\u00e4ltige Unterst\u00fctzung!<\/p>\n<p><a href=\"https:\/\/efferen.cdu-huerth.de\/wp-content\/uploads\/2023\/09\/01_20230919_113525-scaled.jpg\"><img loading=\"lazy\" decoding=\"async\" class=\"alignnone size-medium wp-image-3969\" src=\"https:\/\/efferen.cdu-huerth.de\/wp-content\/uploads\/2023\/09\/01_20230919_113525-225x300.jpg\" alt=\"\" width=\"225\" height=\"300\" srcset=\"https:\/\/efferen.cdu-huerth.de\/wp-content\/uploads\/2023\/09\/01_20230919_113525-225x300.jpg 225w, https:\/\/efferen.cdu-huerth.de\/wp-content\/uploads\/2023\/09\/01_20230919_113525-768x1024.jpg 768w, https:\/\/efferen.cdu-huerth.de\/wp-content\/uploads\/2023\/09\/01_20230919_113525-1152x1536.jpg 1152w, https:\/\/efferen.cdu-huerth.de\/wp-content\/uploads\/2023\/09\/01_20230919_113525-1536x2048.jpg 1536w, https:\/\/efferen.cdu-huerth.de\/wp-content\/uploads\/2023\/09\/01_20230919_113525-750x1000.jpg 750w, https:\/\/efferen.cdu-huerth.de\/wp-content\/uploads\/2023\/09\/01_20230919_113525-scaled.jpg 1920w\" sizes=\"auto, (max-width: 225px) 100vw, 225px\" \/><\/a> <a href=\"https:\/\/efferen.cdu-huerth.de\/wp-content\/uploads\/2023\/09\/02_20230919_113505-scaled.jpg\"><img loading=\"lazy\" decoding=\"async\" class=\"alignnone size-medium wp-image-3970\" src=\"https:\/\/efferen.cdu-huerth.de\/wp-content\/uploads\/2023\/09\/02_20230919_113505-300x225.jpg\" alt=\"\" width=\"300\" height=\"225\" srcset=\"https:\/\/efferen.cdu-huerth.de\/wp-content\/uploads\/2023\/09\/02_20230919_113505-300x225.jpg 300w, https:\/\/efferen.cdu-huerth.de\/wp-content\/uploads\/2023\/09\/02_20230919_113505-1024x768.jpg 1024w, https:\/\/efferen.cdu-huerth.de\/wp-content\/uploads\/2023\/09\/02_20230919_113505-768x576.jpg 768w, https:\/\/efferen.cdu-huerth.de\/wp-content\/uploads\/2023\/09\/02_20230919_113505-1536x1152.jpg 1536w, https:\/\/efferen.cdu-huerth.de\/wp-content\/uploads\/2023\/09\/02_20230919_113505-2048x1536.jpg 2048w, https:\/\/efferen.cdu-huerth.de\/wp-content\/uploads\/2023\/09\/02_20230919_113505-750x563.jpg 750w\" sizes=\"auto, (max-width: 300px) 100vw, 300px\" \/><\/a> <a href=\"https:\/\/efferen.cdu-huerth.de\/wp-content\/uploads\/2023\/09\/02_20230919_121244-scaled.jpg\"><img loading=\"lazy\" decoding=\"async\" class=\"alignnone size-medium wp-image-3971\" src=\"https:\/\/efferen.cdu-huerth.de\/wp-content\/uploads\/2023\/09\/02_20230919_121244-300x225.jpg\" alt=\"\" width=\"300\" height=\"225\" srcset=\"https:\/\/efferen.cdu-huerth.de\/wp-content\/uploads\/2023\/09\/02_20230919_121244-300x225.jpg 300w, https:\/\/efferen.cdu-huerth.de\/wp-content\/uploads\/2023\/09\/02_20230919_121244-1024x768.jpg 1024w, https:\/\/efferen.cdu-huerth.de\/wp-content\/uploads\/2023\/09\/02_20230919_121244-768x576.jpg 768w, https:\/\/efferen.cdu-huerth.de\/wp-content\/uploads\/2023\/09\/02_20230919_121244-1536x1152.jpg 1536w, https:\/\/efferen.cdu-huerth.de\/wp-content\/uploads\/2023\/09\/02_20230919_121244-2048x1536.jpg 2048w, https:\/\/efferen.cdu-huerth.de\/wp-content\/uploads\/2023\/09\/02_20230919_121244-750x563.jpg 750w\" sizes=\"auto, (max-width: 300px) 100vw, 300px\" \/><\/a> <a href=\"https:\/\/efferen.cdu-huerth.de\/wp-content\/uploads\/2023\/09\/03_20230919_114754-scaled.jpg\"><img loading=\"lazy\" decoding=\"async\" class=\"alignnone size-medium wp-image-3972\" src=\"https:\/\/efferen.cdu-huerth.de\/wp-content\/uploads\/2023\/09\/03_20230919_114754-225x300.jpg\" alt=\"\" width=\"225\" height=\"300\" srcset=\"https:\/\/efferen.cdu-huerth.de\/wp-content\/uploads\/2023\/09\/03_20230919_114754-225x300.jpg 225w, https:\/\/efferen.cdu-huerth.de\/wp-content\/uploads\/2023\/09\/03_20230919_114754-768x1024.jpg 768w, https:\/\/efferen.cdu-huerth.de\/wp-content\/uploads\/2023\/09\/03_20230919_114754-1152x1536.jpg 1152w, https:\/\/efferen.cdu-huerth.de\/wp-content\/uploads\/2023\/09\/03_20230919_114754-1536x2048.jpg 1536w, https:\/\/efferen.cdu-huerth.de\/wp-content\/uploads\/2023\/09\/03_20230919_114754-750x1000.jpg 750w, https:\/\/efferen.cdu-huerth.de\/wp-content\/uploads\/2023\/09\/03_20230919_114754-scaled.jpg 1920w\" sizes=\"auto, (max-width: 225px) 100vw, 225px\" \/><\/a> <a href=\"https:\/\/efferen.cdu-huerth.de\/wp-content\/uploads\/2023\/09\/03_20230919_115036-scaled.jpg\"><img loading=\"lazy\" decoding=\"async\" class=\"alignnone size-medium wp-image-3973\" src=\"https:\/\/efferen.cdu-huerth.de\/wp-content\/uploads\/2023\/09\/03_20230919_115036-300x225.jpg\" alt=\"\" width=\"300\" height=\"225\" srcset=\"https:\/\/efferen.cdu-huerth.de\/wp-content\/uploads\/2023\/09\/03_20230919_115036-300x225.jpg 300w, https:\/\/efferen.cdu-huerth.de\/wp-content\/uploads\/2023\/09\/03_20230919_115036-1024x768.jpg 1024w, https:\/\/efferen.cdu-huerth.de\/wp-content\/uploads\/2023\/09\/03_20230919_115036-768x576.jpg 768w, https:\/\/efferen.cdu-huerth.de\/wp-content\/uploads\/2023\/09\/03_20230919_115036-1536x1152.jpg 1536w, https:\/\/efferen.cdu-huerth.de\/wp-content\/uploads\/2023\/09\/03_20230919_115036-2048x1536.jpg 2048w, https:\/\/efferen.cdu-huerth.de\/wp-content\/uploads\/2023\/09\/03_20230919_115036-750x563.jpg 750w\" sizes=\"auto, (max-width: 300px) 100vw, 300px\" \/><\/a> <a href=\"https:\/\/efferen.cdu-huerth.de\/wp-content\/uploads\/2023\/09\/01_20230919_122130-scaled.jpg\"><img loading=\"lazy\" decoding=\"async\" class=\"alignnone size-medium wp-image-3974\" src=\"https:\/\/efferen.cdu-huerth.de\/wp-content\/uploads\/2023\/09\/01_20230919_122130-225x300.jpg\" alt=\"\" width=\"225\" height=\"300\" srcset=\"https:\/\/efferen.cdu-huerth.de\/wp-content\/uploads\/2023\/09\/01_20230919_122130-225x300.jpg 225w, https:\/\/efferen.cdu-huerth.de\/wp-content\/uploads\/2023\/09\/01_20230919_122130-768x1024.jpg 768w, https:\/\/efferen.cdu-huerth.de\/wp-content\/uploads\/2023\/09\/01_20230919_122130-1152x1536.jpg 1152w, https:\/\/efferen.cdu-huerth.de\/wp-content\/uploads\/2023\/09\/01_20230919_122130-1536x2048.jpg 1536w, https:\/\/efferen.cdu-huerth.de\/wp-content\/uploads\/2023\/09\/01_20230919_122130-750x1000.jpg 750w, https:\/\/efferen.cdu-huerth.de\/wp-content\/uploads\/2023\/09\/01_20230919_122130-scaled.jpg 1920w\" sizes=\"auto, (max-width: 225px) 100vw, 225px\" \/><\/a> <a href=\"https:\/\/efferen.cdu-huerth.de\/wp-content\/uploads\/2023\/09\/03_20230919_115036-1-scaled.jpg\"><img loading=\"lazy\" decoding=\"async\" class=\"alignnone size-medium wp-image-3975\" src=\"https:\/\/efferen.cdu-huerth.de\/wp-content\/uploads\/2023\/09\/03_20230919_115036-1-300x225.jpg\" alt=\"\" width=\"300\" height=\"225\" srcset=\"https:\/\/efferen.cdu-huerth.de\/wp-content\/uploads\/2023\/09\/03_20230919_115036-1-300x225.jpg 300w, https:\/\/efferen.cdu-huerth.de\/wp-content\/uploads\/2023\/09\/03_20230919_115036-1-1024x768.jpg 1024w, https:\/\/efferen.cdu-huerth.de\/wp-content\/uploads\/2023\/09\/03_20230919_115036-1-768x576.jpg 768w, https:\/\/efferen.cdu-huerth.de\/wp-content\/uploads\/2023\/09\/03_20230919_115036-1-1536x1152.jpg 1536w, https:\/\/efferen.cdu-huerth.de\/wp-content\/uploads\/2023\/09\/03_20230919_115036-1-2048x1536.jpg 2048w, https:\/\/efferen.cdu-huerth.de\/wp-content\/uploads\/2023\/09\/03_20230919_115036-1-750x563.jpg 750w\" sizes=\"auto, (max-width: 300px) 100vw, 300px\" \/><\/a><a href=\"https:\/\/efferen.cdu-huerth.de\/wp-content\/uploads\/2023\/09\/FV-2023-Infotafrl-alter-Friedhof-scaled.jpg\"><img loading=\"lazy\" decoding=\"async\" class=\"alignnone size-medium wp-image-3982\" src=\"https:\/\/efferen.cdu-huerth.de\/wp-content\/uploads\/2023\/09\/FV-2023-Infotafrl-alter-Friedhof-300x225.jpg\" alt=\"\" width=\"300\" height=\"225\" srcset=\"https:\/\/efferen.cdu-huerth.de\/wp-content\/uploads\/2023\/09\/FV-2023-Infotafrl-alter-Friedhof-300x225.jpg 300w, https:\/\/efferen.cdu-huerth.de\/wp-content\/uploads\/2023\/09\/FV-2023-Infotafrl-alter-Friedhof-1024x768.jpg 1024w, https:\/\/efferen.cdu-huerth.de\/wp-content\/uploads\/2023\/09\/FV-2023-Infotafrl-alter-Friedhof-768x576.jpg 768w, https:\/\/efferen.cdu-huerth.de\/wp-content\/uploads\/2023\/09\/FV-2023-Infotafrl-alter-Friedhof-1536x1152.jpg 1536w, https:\/\/efferen.cdu-huerth.de\/wp-content\/uploads\/2023\/09\/FV-2023-Infotafrl-alter-Friedhof-2048x1536.jpg 2048w, https:\/\/efferen.cdu-huerth.de\/wp-content\/uploads\/2023\/09\/FV-2023-Infotafrl-alter-Friedhof-750x563.jpg 750w\" sizes=\"auto, (max-width: 300px) 100vw, 300px\" \/><\/a><\/p>\n<p>&nbsp;<\/p>\n","protected":false},"excerpt":{"rendered":"<p>Der F\u00f6rderverein Efferen e.V., der ja eine Patenschaft f\u00fcr den &#8220;Alten Friedhof&#8221; \u00fcbernommen hat, stellte jetzt eine Infotafel auf! Ein Lageplan mit Informationen zu den alten Grabsteinen auf dem Friedhof! Ein Dank an Frau Imogen Dittmann-Sch\u00f6ne f\u00fcr die Recherche und die\u00a0 begleitenden Texte zu den Grabst\u00e4tten und an Frau Stephanie Bankert von der Unteren Denkmalbeh\u00f6rde &hellip; <\/p>\n<p><a class=\"more-link btn\" href=\"https:\/\/efferen.cdu-huerth.de\/?p=3967\">Weiterlesen<\/a><\/p>\n","protected":false},"author":4,"featured_media":3971,"comment_status":"open","ping_status":"open","sticky":false,"template":"","format":"standard","meta":{"ngg_post_thumbnail":0,"footnotes":"","_links_to":"","_links_to_target":""},"categories":[17],"tags":[],"class_list":["post-3967","post","type-post","status-publish","format-standard","has-post-thumbnail","hentry","category-ortsvorsteher","item-wrap"],"_links":{"self":[{"href":"https:\/\/efferen.cdu-huerth.de\/index.php?rest_route=\/wp\/v2\/posts\/3967","targetHints":{"allow":["GET"]}}],"collection":[{"href":"https:\/\/efferen.cdu-huerth.de\/index.php?rest_route=\/wp\/v2\/posts"}],"about":[{"href":"https:\/\/efferen.cdu-huerth.de\/index.php?rest_route=\/wp\/v2\/types\/post"}],"author":[{"embeddable":true,"href":"https:\/\/efferen.cdu-huerth.de\/index.php?rest_route=\/wp\/v2\/users\/4"}],"replies":[{"embeddable":true,"href":"https:\/\/efferen.cdu-huerth.de\/index.php?rest_route=%2Fwp%2Fv2%2Fcomments&post=3967"}],"version-history":[{"count":4,"href":"https:\/\/efferen.cdu-huerth.de\/index.php?rest_route=\/wp\/v2\/posts\/3967\/revisions"}],"predecessor-version":[{"id":3985,"href":"https:\/\/efferen.cdu-huerth.de\/index.php?rest_route=\/wp\/v2\/posts\/3967\/revisions\/3985"}],"wp:featuredmedia":[{"embeddable":true,"href":"https:\/\/efferen.cdu-huerth.de\/index.php?rest_route=\/wp\/v2\/media\/3971"}],"wp:attachment":[{"href":"https:\/\/efferen.cdu-huerth.de\/index.php?rest_route=%2Fwp%2Fv2%2Fmedia&parent=3967"}],"wp:term":[{"taxonomy":"category","embeddable":true,"href":"https:\/\/efferen.cdu-huerth.de\/index.php?rest_route=%2Fwp%2Fv2%2Fcategories&post=3967"},{"taxonomy":"post_tag","embeddable":true,"href":"https:\/\/efferen.cdu-huerth.de\/index.php?rest_route=%2Fwp%2Fv2%2Ftags&post=3967"}],"curies":[{"name":"wp","href":"https:\/\/api.w.org\/{rel}","templated":true}]}}