{"id":4036,"date":"2023-11-05T16:53:43","date_gmt":"2023-11-05T15:53:43","guid":{"rendered":"https:\/\/efferen.cdu-huerth.de\/?p=4036"},"modified":"2023-11-21T16:54:03","modified_gmt":"2023-11-21T15:54:03","slug":"mgv-liederkranz-eine-musikalische-reise-durch-die-welt","status":"publish","type":"post","link":"https:\/\/efferen.cdu-huerth.de\/?p=4036","title":{"rendered":"MGV Liederkranz, eine musikalische Reise durch die Welt"},"content":{"rendered":"<p>Glanzvoll der musikalische Auftritt des MGV Liederkranz in der Pfarrkirche St.\u00a0 Mari\u00e4 Geburt. Eine musikalische Reise durch die Welt der Oper und Musicals. Ein breites Band an musikalischen Highlights, von Tannh\u00e4user bis zur Melodie vom K\u00f6nig der L\u00f6wen und ein Solo von Manfred Berlinghausen, einfach super! Das war auch der Grund f\u00fcr Standing Ovation!<\/p>\n<p><a href=\"https:\/\/efferen.cdu-huerth.de\/wp-content\/uploads\/2023\/11\/OV-2023-Nov.-Konzert-MGV-Liederkranz-2.jpg\"><img loading=\"lazy\" decoding=\"async\" class=\"alignnone size-medium wp-image-4037\" src=\"https:\/\/efferen.cdu-huerth.de\/wp-content\/uploads\/2023\/11\/OV-2023-Nov.-Konzert-MGV-Liederkranz-2-300x225.jpg\" alt=\"\" width=\"300\" height=\"225\" srcset=\"https:\/\/efferen.cdu-huerth.de\/wp-content\/uploads\/2023\/11\/OV-2023-Nov.-Konzert-MGV-Liederkranz-2-300x225.jpg 300w, https:\/\/efferen.cdu-huerth.de\/wp-content\/uploads\/2023\/11\/OV-2023-Nov.-Konzert-MGV-Liederkranz-2-1024x768.jpg 1024w, https:\/\/efferen.cdu-huerth.de\/wp-content\/uploads\/2023\/11\/OV-2023-Nov.-Konzert-MGV-Liederkranz-2-768x576.jpg 768w, https:\/\/efferen.cdu-huerth.de\/wp-content\/uploads\/2023\/11\/OV-2023-Nov.-Konzert-MGV-Liederkranz-2-1536x1152.jpg 1536w, https:\/\/efferen.cdu-huerth.de\/wp-content\/uploads\/2023\/11\/OV-2023-Nov.-Konzert-MGV-Liederkranz-2-750x563.jpg 750w, https:\/\/efferen.cdu-huerth.de\/wp-content\/uploads\/2023\/11\/OV-2023-Nov.-Konzert-MGV-Liederkranz-2.jpg 1600w\" sizes=\"auto, (max-width: 300px) 100vw, 300px\" \/><\/a> <a href=\"https:\/\/efferen.cdu-huerth.de\/wp-content\/uploads\/2023\/11\/OV-2023-Nov.-Konzert-MGV-Liederkranz-3.jpg\"><img loading=\"lazy\" decoding=\"async\" class=\"alignnone size-medium wp-image-4038\" src=\"https:\/\/efferen.cdu-huerth.de\/wp-content\/uploads\/2023\/11\/OV-2023-Nov.-Konzert-MGV-Liederkranz-3-300x225.jpg\" alt=\"\" width=\"300\" height=\"225\" srcset=\"https:\/\/efferen.cdu-huerth.de\/wp-content\/uploads\/2023\/11\/OV-2023-Nov.-Konzert-MGV-Liederkranz-3-300x225.jpg 300w, https:\/\/efferen.cdu-huerth.de\/wp-content\/uploads\/2023\/11\/OV-2023-Nov.-Konzert-MGV-Liederkranz-3-1024x768.jpg 1024w, https:\/\/efferen.cdu-huerth.de\/wp-content\/uploads\/2023\/11\/OV-2023-Nov.-Konzert-MGV-Liederkranz-3-768x576.jpg 768w, https:\/\/efferen.cdu-huerth.de\/wp-content\/uploads\/2023\/11\/OV-2023-Nov.-Konzert-MGV-Liederkranz-3-1536x1152.jpg 1536w, https:\/\/efferen.cdu-huerth.de\/wp-content\/uploads\/2023\/11\/OV-2023-Nov.-Konzert-MGV-Liederkranz-3-750x563.jpg 750w, https:\/\/efferen.cdu-huerth.de\/wp-content\/uploads\/2023\/11\/OV-2023-Nov.-Konzert-MGV-Liederkranz-3.jpg 1600w\" sizes=\"auto, (max-width: 300px) 100vw, 300px\" \/><\/a> <a href=\"https:\/\/efferen.cdu-huerth.de\/wp-content\/uploads\/2023\/11\/OV-2023-Nov.-Konzert-MGV-Liederkranz.jpg\"><img loading=\"lazy\" decoding=\"async\" class=\"alignnone size-medium wp-image-4039\" src=\"https:\/\/efferen.cdu-huerth.de\/wp-content\/uploads\/2023\/11\/OV-2023-Nov.-Konzert-MGV-Liederkranz-300x225.jpg\" alt=\"\" width=\"300\" height=\"225\" srcset=\"https:\/\/efferen.cdu-huerth.de\/wp-content\/uploads\/2023\/11\/OV-2023-Nov.-Konzert-MGV-Liederkranz-300x225.jpg 300w, https:\/\/efferen.cdu-huerth.de\/wp-content\/uploads\/2023\/11\/OV-2023-Nov.-Konzert-MGV-Liederkranz-1024x768.jpg 1024w, https:\/\/efferen.cdu-huerth.de\/wp-content\/uploads\/2023\/11\/OV-2023-Nov.-Konzert-MGV-Liederkranz-768x576.jpg 768w, https:\/\/efferen.cdu-huerth.de\/wp-content\/uploads\/2023\/11\/OV-2023-Nov.-Konzert-MGV-Liederkranz-1536x1152.jpg 1536w, https:\/\/efferen.cdu-huerth.de\/wp-content\/uploads\/2023\/11\/OV-2023-Nov.-Konzert-MGV-Liederkranz-750x563.jpg 750w, https:\/\/efferen.cdu-huerth.de\/wp-content\/uploads\/2023\/11\/OV-2023-Nov.-Konzert-MGV-Liederkranz.jpg 1600w\" sizes=\"auto, (max-width: 300px) 100vw, 300px\" \/><\/a><\/p>\n","protected":false},"excerpt":{"rendered":"<p>Glanzvoll der musikalische Auftritt des MGV Liederkranz in der Pfarrkirche St.\u00a0 Mari\u00e4 Geburt. Eine musikalische Reise durch die Welt der Oper und Musicals. Ein breites Band an musikalischen Highlights, von Tannh\u00e4user bis zur Melodie vom K\u00f6nig der L\u00f6wen und ein Solo von Manfred Berlinghausen, einfach super! Das war auch der Grund f\u00fcr Standing Ovation!<\/p>\n","protected":false},"author":4,"featured_media":0,"comment_status":"open","ping_status":"open","sticky":false,"template":"","format":"standard","meta":{"ngg_post_thumbnail":0,"footnotes":"","_links_to":"","_links_to_target":""},"categories":[17],"tags":[],"class_list":["post-4036","post","type-post","status-publish","format-standard","hentry","category-ortsvorsteher","item-wrap"],"_links":{"self":[{"href":"https:\/\/efferen.cdu-huerth.de\/index.php?rest_route=\/wp\/v2\/posts\/4036","targetHints":{"allow":["GET"]}}],"collection":[{"href":"https:\/\/efferen.cdu-huerth.de\/index.php?rest_route=\/wp\/v2\/posts"}],"about":[{"href":"https:\/\/efferen.cdu-huerth.de\/index.php?rest_route=\/wp\/v2\/types\/post"}],"author":[{"embeddable":true,"href":"https:\/\/efferen.cdu-huerth.de\/index.php?rest_route=\/wp\/v2\/users\/4"}],"replies":[{"embeddable":true,"href":"https:\/\/efferen.cdu-huerth.de\/index.php?rest_route=%2Fwp%2Fv2%2Fcomments&post=4036"}],"version-history":[{"count":1,"href":"https:\/\/efferen.cdu-huerth.de\/index.php?rest_route=\/wp\/v2\/posts\/4036\/revisions"}],"predecessor-version":[{"id":4040,"href":"https:\/\/efferen.cdu-huerth.de\/index.php?rest_route=\/wp\/v2\/posts\/4036\/revisions\/4040"}],"wp:attachment":[{"href":"https:\/\/efferen.cdu-huerth.de\/index.php?rest_route=%2Fwp%2Fv2%2Fmedia&parent=4036"}],"wp:term":[{"taxonomy":"category","embeddable":true,"href":"https:\/\/efferen.cdu-huerth.de\/index.php?rest_route=%2Fwp%2Fv2%2Fcategories&post=4036"},{"taxonomy":"post_tag","embeddable":true,"href":"https:\/\/efferen.cdu-huerth.de\/index.php?rest_route=%2Fwp%2Fv2%2Ftags&post=4036"}],"curies":[{"name":"wp","href":"https:\/\/api.w.org\/{rel}","templated":true}]}}