{"id":4090,"date":"2023-11-23T00:35:48","date_gmt":"2023-11-22T23:35:48","guid":{"rendered":"https:\/\/efferen.cdu-huerth.de\/?p=4090"},"modified":"2023-11-24T09:23:27","modified_gmt":"2023-11-24T08:23:27","slug":"herzlich-willkommen-auf-der-webseite-des-ortsverbandes-huerth-efferen","status":"publish","type":"post","link":"https:\/\/efferen.cdu-huerth.de\/?p=4090","title":{"rendered":"Herzlich willkommen auf der Webseite des Ortsverbandes H\u00fcrth-Efferen"},"content":{"rendered":"<p>Liebe Efferenerinnen und Efferener,&nbsp;<\/p>\n<p>ich freue mich Sie auf der Webseite des Ortsverbandes H\u00fcrth-Efferen begr\u00fc\u00dfen zu d\u00fcrfen. Auf unserer Seite finden Sie nicht nur aktuelles und interessantes aus dem Ortsverband, sondern auch direkt die M\u00f6glichkeit mit uns in Kontakt zu treten.<\/p>\n<p>Die Artikel unseres Ortsvorstehers Thomas Blank finden Sie <span style=\"color: #ff6600;\">orange<\/span> hinterlegt in der Rubrik &#8220;Aktuelles&#8221;.&nbsp;<\/p>\n<p>Herzliche Gr\u00fc\u00dfe&nbsp;<\/p>\n<p><span style=\"vertical-align: inherit;\">Tim Bong&nbsp;<\/span><\/p>\n<p>Vorsitzender CDU Ortsverband H\u00fcrth-Efferen&nbsp;<\/p>\n","protected":false},"excerpt":{"rendered":"<p>Liebe Efferenerinnen und Efferener,\u00a0<\/p>\n<p>ich freue mich Sie auf der Webseite des Ortsverbandes H\u00fcrth-Efferen begr\u00fc\u00dfen zu d\u00fcrfen. Auf unserer Seite finden Sie nicht nur aktuelles und interessantes aus dem Ortsverband, sondern auch direkt die M\u00f6glichkeit mit uns in Kontakt zu treten.<\/p>\n<p>Die Artikel unseres Ortsvorstehers Thomas Blank finden Sie orange hinterlegt in der Rubrik &#8220;Aktuelles&#8221;.\u00a0<\/p>\n<p>Herzliche Gr\u00fc\u00dfe\u00a0<\/p>\n<p>Tim Bong\u00a0<\/p>\n<p>Vorsitzender CDU Ortsverband H\u00fcrth-Efferen\u00a0<\/p><p><a class=\"more-link btn\" href=\"https:\/\/efferen.cdu-huerth.de\/?p=4090\">Weiterlesen<\/a><\/p>\n","protected":false},"author":18,"featured_media":0,"comment_status":"open","ping_status":"open","sticky":true,"template":"","format":"standard","meta":{"ngg_post_thumbnail":0,"footnotes":"","_links_to":"","_links_to_target":""},"categories":[1],"tags":[],"class_list":["post-4090","post","type-post","status-publish","format-standard","hentry","category-allgemein","nodate","item-wrap"],"_links":{"self":[{"href":"https:\/\/efferen.cdu-huerth.de\/index.php?rest_route=\/wp\/v2\/posts\/4090","targetHints":{"allow":["GET"]}}],"collection":[{"href":"https:\/\/efferen.cdu-huerth.de\/index.php?rest_route=\/wp\/v2\/posts"}],"about":[{"href":"https:\/\/efferen.cdu-huerth.de\/index.php?rest_route=\/wp\/v2\/types\/post"}],"author":[{"embeddable":true,"href":"https:\/\/efferen.cdu-huerth.de\/index.php?rest_route=\/wp\/v2\/users\/18"}],"replies":[{"embeddable":true,"href":"https:\/\/efferen.cdu-huerth.de\/index.php?rest_route=%2Fwp%2Fv2%2Fcomments&post=4090"}],"version-history":[{"count":10,"href":"https:\/\/efferen.cdu-huerth.de\/index.php?rest_route=\/wp\/v2\/posts\/4090\/revisions"}],"predecessor-version":[{"id":4120,"href":"https:\/\/efferen.cdu-huerth.de\/index.php?rest_route=\/wp\/v2\/posts\/4090\/revisions\/4120"}],"wp:attachment":[{"href":"https:\/\/efferen.cdu-huerth.de\/index.php?rest_route=%2Fwp%2Fv2%2Fmedia&parent=4090"}],"wp:term":[{"taxonomy":"category","embeddable":true,"href":"https:\/\/efferen.cdu-huerth.de\/index.php?rest_route=%2Fwp%2Fv2%2Fcategories&post=4090"},{"taxonomy":"post_tag","embeddable":true,"href":"https:\/\/efferen.cdu-huerth.de\/index.php?rest_route=%2Fwp%2Fv2%2Ftags&post=4090"}],"curies":[{"name":"wp","href":"https:\/\/api.w.org\/{rel}","templated":true}]}}