{"id":4701,"date":"2024-06-24T15:49:02","date_gmt":"2024-06-24T13:49:02","guid":{"rendered":"https:\/\/efferen.cdu-huerth.de\/?p=4701"},"modified":"2024-06-24T16:01:23","modified_gmt":"2024-06-24T14:01:23","slug":"stadtfest-und-vieles-mehr-ganz-schoen-was-los-am-wochenende","status":"publish","type":"post","link":"https:\/\/efferen.cdu-huerth.de\/?p=4701","title":{"rendered":"Stadtfest und vieles mehr, ganz sch\u00f6n was los am Wochenende"},"content":{"rendered":"<p>75 Jahre Grundgesetz, 40 Jahre Rat- und B\u00fcrgerhaus, immer ein Grund zu feiern aber das war nicht alles was so in H\u00fcrth passierte. Fussball-Europameisterschaft Deutschland gegen die Schweiz ein schwer erk\u00e4mpftes 1 zu 1. Platz 1 und es geht weiter ins Achtelfinale. Das reichte aber immer noch nicht, Klang Szenen Bild und Orgelkonzert im der Pfarrkirche St. Mari\u00e4 Geburt und Start zur H\u00fcrther KneipenKulTour. An 22 Locations wurde Live Musik gespielt viele Richtungen von Rockmusik bis K\u00f6lschmusik alles war vertreten. Eine ganz tolle Geschichte.<\/p>\n<p><a href=\"https:\/\/efferen.cdu-huerth.de\/wp-content\/uploads\/2024\/06\/OV-2024-Juni-Rund-ums-Stadtfest-1-scaled.jpg\"><img loading=\"lazy\" decoding=\"async\" class=\"alignnone size-medium wp-image-4703\" src=\"https:\/\/efferen.cdu-huerth.de\/wp-content\/uploads\/2024\/06\/OV-2024-Juni-Rund-ums-Stadtfest-1-225x300.jpg\" alt=\"\" width=\"225\" height=\"300\" srcset=\"https:\/\/efferen.cdu-huerth.de\/wp-content\/uploads\/2024\/06\/OV-2024-Juni-Rund-ums-Stadtfest-1-225x300.jpg 225w, https:\/\/efferen.cdu-huerth.de\/wp-content\/uploads\/2024\/06\/OV-2024-Juni-Rund-ums-Stadtfest-1-768x1024.jpg 768w, https:\/\/efferen.cdu-huerth.de\/wp-content\/uploads\/2024\/06\/OV-2024-Juni-Rund-ums-Stadtfest-1-1152x1536.jpg 1152w, https:\/\/efferen.cdu-huerth.de\/wp-content\/uploads\/2024\/06\/OV-2024-Juni-Rund-ums-Stadtfest-1-1536x2048.jpg 1536w, https:\/\/efferen.cdu-huerth.de\/wp-content\/uploads\/2024\/06\/OV-2024-Juni-Rund-ums-Stadtfest-1-750x1000.jpg 750w, https:\/\/efferen.cdu-huerth.de\/wp-content\/uploads\/2024\/06\/OV-2024-Juni-Rund-ums-Stadtfest-1-scaled.jpg 1920w\" sizes=\"auto, (max-width: 225px) 100vw, 225px\" \/><\/a> <a href=\"https:\/\/efferen.cdu-huerth.de\/wp-content\/uploads\/2024\/06\/OV-2024-Juni-Rund-ums-Stadtfest-2.jpg\"><img loading=\"lazy\" decoding=\"async\" class=\"alignnone size-medium wp-image-4704\" src=\"https:\/\/efferen.cdu-huerth.de\/wp-content\/uploads\/2024\/06\/OV-2024-Juni-Rund-ums-Stadtfest-2-225x300.jpg\" alt=\"\" width=\"225\" height=\"300\" srcset=\"https:\/\/efferen.cdu-huerth.de\/wp-content\/uploads\/2024\/06\/OV-2024-Juni-Rund-ums-Stadtfest-2-225x300.jpg 225w, https:\/\/efferen.cdu-huerth.de\/wp-content\/uploads\/2024\/06\/OV-2024-Juni-Rund-ums-Stadtfest-2-768x1024.jpg 768w, https:\/\/efferen.cdu-huerth.de\/wp-content\/uploads\/2024\/06\/OV-2024-Juni-Rund-ums-Stadtfest-2-1152x1536.jpg 1152w, https:\/\/efferen.cdu-huerth.de\/wp-content\/uploads\/2024\/06\/OV-2024-Juni-Rund-ums-Stadtfest-2-750x1000.jpg 750w, https:\/\/efferen.cdu-huerth.de\/wp-content\/uploads\/2024\/06\/OV-2024-Juni-Rund-ums-Stadtfest-2.jpg 1536w\" sizes=\"auto, (max-width: 225px) 100vw, 225px\" \/><\/a> <a href=\"https:\/\/efferen.cdu-huerth.de\/wp-content\/uploads\/2024\/06\/OV-2024-Juni-Rund-ums-Stadtfest-3.jpg\"><img loading=\"lazy\" decoding=\"async\" class=\"alignnone size-medium wp-image-4705\" src=\"https:\/\/efferen.cdu-huerth.de\/wp-content\/uploads\/2024\/06\/OV-2024-Juni-Rund-ums-Stadtfest-3-300x225.jpg\" alt=\"\" width=\"300\" height=\"225\" srcset=\"https:\/\/efferen.cdu-huerth.de\/wp-content\/uploads\/2024\/06\/OV-2024-Juni-Rund-ums-Stadtfest-3-300x225.jpg 300w, https:\/\/efferen.cdu-huerth.de\/wp-content\/uploads\/2024\/06\/OV-2024-Juni-Rund-ums-Stadtfest-3-1024x768.jpg 1024w, https:\/\/efferen.cdu-huerth.de\/wp-content\/uploads\/2024\/06\/OV-2024-Juni-Rund-ums-Stadtfest-3-768x576.jpg 768w, https:\/\/efferen.cdu-huerth.de\/wp-content\/uploads\/2024\/06\/OV-2024-Juni-Rund-ums-Stadtfest-3-1536x1152.jpg 1536w, https:\/\/efferen.cdu-huerth.de\/wp-content\/uploads\/2024\/06\/OV-2024-Juni-Rund-ums-Stadtfest-3-750x563.jpg 750w, https:\/\/efferen.cdu-huerth.de\/wp-content\/uploads\/2024\/06\/OV-2024-Juni-Rund-ums-Stadtfest-3.jpg 1600w\" sizes=\"auto, (max-width: 300px) 100vw, 300px\" \/><\/a> <a href=\"https:\/\/efferen.cdu-huerth.de\/wp-content\/uploads\/2024\/06\/OV-2024-Juni-Rund-ums-Stadtfest-4-scaled.jpg\"><img loading=\"lazy\" decoding=\"async\" class=\"alignnone size-medium wp-image-4706\" src=\"https:\/\/efferen.cdu-huerth.de\/wp-content\/uploads\/2024\/06\/OV-2024-Juni-Rund-ums-Stadtfest-4-300x225.jpg\" alt=\"\" width=\"300\" height=\"225\" srcset=\"https:\/\/efferen.cdu-huerth.de\/wp-content\/uploads\/2024\/06\/OV-2024-Juni-Rund-ums-Stadtfest-4-300x225.jpg 300w, https:\/\/efferen.cdu-huerth.de\/wp-content\/uploads\/2024\/06\/OV-2024-Juni-Rund-ums-Stadtfest-4-1024x768.jpg 1024w, https:\/\/efferen.cdu-huerth.de\/wp-content\/uploads\/2024\/06\/OV-2024-Juni-Rund-ums-Stadtfest-4-768x576.jpg 768w, https:\/\/efferen.cdu-huerth.de\/wp-content\/uploads\/2024\/06\/OV-2024-Juni-Rund-ums-Stadtfest-4-1536x1152.jpg 1536w, https:\/\/efferen.cdu-huerth.de\/wp-content\/uploads\/2024\/06\/OV-2024-Juni-Rund-ums-Stadtfest-4-2048x1536.jpg 2048w, https:\/\/efferen.cdu-huerth.de\/wp-content\/uploads\/2024\/06\/OV-2024-Juni-Rund-ums-Stadtfest-4-750x563.jpg 750w\" sizes=\"auto, (max-width: 300px) 100vw, 300px\" \/><\/a> <a href=\"https:\/\/efferen.cdu-huerth.de\/wp-content\/uploads\/2024\/06\/OV-2024-Juni-Rund-ums-Stadtfest-5-scaled.jpg\"><img loading=\"lazy\" decoding=\"async\" class=\"alignnone size-medium wp-image-4707\" src=\"https:\/\/efferen.cdu-huerth.de\/wp-content\/uploads\/2024\/06\/OV-2024-Juni-Rund-ums-Stadtfest-5-300x225.jpg\" alt=\"\" width=\"300\" height=\"225\" srcset=\"https:\/\/efferen.cdu-huerth.de\/wp-content\/uploads\/2024\/06\/OV-2024-Juni-Rund-ums-Stadtfest-5-300x225.jpg 300w, https:\/\/efferen.cdu-huerth.de\/wp-content\/uploads\/2024\/06\/OV-2024-Juni-Rund-ums-Stadtfest-5-1024x768.jpg 1024w, https:\/\/efferen.cdu-huerth.de\/wp-content\/uploads\/2024\/06\/OV-2024-Juni-Rund-ums-Stadtfest-5-768x576.jpg 768w, https:\/\/efferen.cdu-huerth.de\/wp-content\/uploads\/2024\/06\/OV-2024-Juni-Rund-ums-Stadtfest-5-1536x1152.jpg 1536w, https:\/\/efferen.cdu-huerth.de\/wp-content\/uploads\/2024\/06\/OV-2024-Juni-Rund-ums-Stadtfest-5-2048x1536.jpg 2048w, https:\/\/efferen.cdu-huerth.de\/wp-content\/uploads\/2024\/06\/OV-2024-Juni-Rund-ums-Stadtfest-5-750x563.jpg 750w\" sizes=\"auto, (max-width: 300px) 100vw, 300px\" \/><\/a> <a href=\"https:\/\/efferen.cdu-huerth.de\/wp-content\/uploads\/2024\/06\/OV-2024-Juni-Rund-ums-Stadtfest-6-scaled.jpg\"><img loading=\"lazy\" decoding=\"async\" class=\"alignnone size-medium wp-image-4709\" src=\"https:\/\/efferen.cdu-huerth.de\/wp-content\/uploads\/2024\/06\/OV-2024-Juni-Rund-ums-Stadtfest-6-300x225.jpg\" alt=\"\" width=\"300\" height=\"225\" srcset=\"https:\/\/efferen.cdu-huerth.de\/wp-content\/uploads\/2024\/06\/OV-2024-Juni-Rund-ums-Stadtfest-6-300x225.jpg 300w, https:\/\/efferen.cdu-huerth.de\/wp-content\/uploads\/2024\/06\/OV-2024-Juni-Rund-ums-Stadtfest-6-1024x768.jpg 1024w, https:\/\/efferen.cdu-huerth.de\/wp-content\/uploads\/2024\/06\/OV-2024-Juni-Rund-ums-Stadtfest-6-768x576.jpg 768w, https:\/\/efferen.cdu-huerth.de\/wp-content\/uploads\/2024\/06\/OV-2024-Juni-Rund-ums-Stadtfest-6-1536x1152.jpg 1536w, https:\/\/efferen.cdu-huerth.de\/wp-content\/uploads\/2024\/06\/OV-2024-Juni-Rund-ums-Stadtfest-6-2048x1536.jpg 2048w, https:\/\/efferen.cdu-huerth.de\/wp-content\/uploads\/2024\/06\/OV-2024-Juni-Rund-ums-Stadtfest-6-750x563.jpg 750w\" sizes=\"auto, (max-width: 300px) 100vw, 300px\" \/><\/a> <a href=\"https:\/\/efferen.cdu-huerth.de\/wp-content\/uploads\/2024\/06\/OV-2024-Juni-Rund-ums-Stadtfest-7-scaled.jpg\"><img loading=\"lazy\" decoding=\"async\" class=\"alignnone size-medium wp-image-4710\" src=\"https:\/\/efferen.cdu-huerth.de\/wp-content\/uploads\/2024\/06\/OV-2024-Juni-Rund-ums-Stadtfest-7-225x300.jpg\" alt=\"\" width=\"225\" height=\"300\" srcset=\"https:\/\/efferen.cdu-huerth.de\/wp-content\/uploads\/2024\/06\/OV-2024-Juni-Rund-ums-Stadtfest-7-225x300.jpg 225w, https:\/\/efferen.cdu-huerth.de\/wp-content\/uploads\/2024\/06\/OV-2024-Juni-Rund-ums-Stadtfest-7-768x1024.jpg 768w, https:\/\/efferen.cdu-huerth.de\/wp-content\/uploads\/2024\/06\/OV-2024-Juni-Rund-ums-Stadtfest-7-1152x1536.jpg 1152w, https:\/\/efferen.cdu-huerth.de\/wp-content\/uploads\/2024\/06\/OV-2024-Juni-Rund-ums-Stadtfest-7-1536x2048.jpg 1536w, https:\/\/efferen.cdu-huerth.de\/wp-content\/uploads\/2024\/06\/OV-2024-Juni-Rund-ums-Stadtfest-7-750x1000.jpg 750w, https:\/\/efferen.cdu-huerth.de\/wp-content\/uploads\/2024\/06\/OV-2024-Juni-Rund-ums-Stadtfest-7-scaled.jpg 1920w\" sizes=\"auto, (max-width: 225px) 100vw, 225px\" \/><\/a> <a href=\"https:\/\/efferen.cdu-huerth.de\/wp-content\/uploads\/2024\/06\/OV-2024-Juni-Rund-ums-Stadtfest-8-scaled.jpg\"><img loading=\"lazy\" decoding=\"async\" class=\"alignnone size-medium wp-image-4711\" src=\"https:\/\/efferen.cdu-huerth.de\/wp-content\/uploads\/2024\/06\/OV-2024-Juni-Rund-ums-Stadtfest-8-225x300.jpg\" alt=\"\" width=\"225\" height=\"300\" srcset=\"https:\/\/efferen.cdu-huerth.de\/wp-content\/uploads\/2024\/06\/OV-2024-Juni-Rund-ums-Stadtfest-8-225x300.jpg 225w, https:\/\/efferen.cdu-huerth.de\/wp-content\/uploads\/2024\/06\/OV-2024-Juni-Rund-ums-Stadtfest-8-768x1024.jpg 768w, https:\/\/efferen.cdu-huerth.de\/wp-content\/uploads\/2024\/06\/OV-2024-Juni-Rund-ums-Stadtfest-8-1152x1536.jpg 1152w, https:\/\/efferen.cdu-huerth.de\/wp-content\/uploads\/2024\/06\/OV-2024-Juni-Rund-ums-Stadtfest-8-1536x2048.jpg 1536w, https:\/\/efferen.cdu-huerth.de\/wp-content\/uploads\/2024\/06\/OV-2024-Juni-Rund-ums-Stadtfest-8-750x1000.jpg 750w, https:\/\/efferen.cdu-huerth.de\/wp-content\/uploads\/2024\/06\/OV-2024-Juni-Rund-ums-Stadtfest-8-scaled.jpg 1920w\" sizes=\"auto, (max-width: 225px) 100vw, 225px\" \/><\/a><\/p>\n","protected":false},"excerpt":{"rendered":"<p>75 Jahre Grundgesetz, 40 Jahre Rat- und B\u00fcrgerhaus, immer ein Grund zu feiern aber das war nicht alles was so in H\u00fcrth passierte. Fussball-Europameisterschaft Deutschland gegen die Schweiz ein schwer erk\u00e4mpftes 1 zu 1. Platz 1 und es geht weiter ins Achtelfinale. Das reichte aber immer noch nicht, Klang Szenen Bild und Orgelkonzert im der &hellip; <\/p>\n<p><a class=\"more-link btn\" href=\"https:\/\/efferen.cdu-huerth.de\/?p=4701\">Weiterlesen<\/a><\/p>\n","protected":false},"author":4,"featured_media":4703,"comment_status":"open","ping_status":"open","sticky":false,"template":"","format":"standard","meta":{"ngg_post_thumbnail":0,"footnotes":"","_links_to":"","_links_to_target":""},"categories":[17],"tags":[],"class_list":["post-4701","post","type-post","status-publish","format-standard","has-post-thumbnail","hentry","category-ortsvorsteher","item-wrap"],"_links":{"self":[{"href":"https:\/\/efferen.cdu-huerth.de\/index.php?rest_route=\/wp\/v2\/posts\/4701","targetHints":{"allow":["GET"]}}],"collection":[{"href":"https:\/\/efferen.cdu-huerth.de\/index.php?rest_route=\/wp\/v2\/posts"}],"about":[{"href":"https:\/\/efferen.cdu-huerth.de\/index.php?rest_route=\/wp\/v2\/types\/post"}],"author":[{"embeddable":true,"href":"https:\/\/efferen.cdu-huerth.de\/index.php?rest_route=\/wp\/v2\/users\/4"}],"replies":[{"embeddable":true,"href":"https:\/\/efferen.cdu-huerth.de\/index.php?rest_route=%2Fwp%2Fv2%2Fcomments&post=4701"}],"version-history":[{"count":3,"href":"https:\/\/efferen.cdu-huerth.de\/index.php?rest_route=\/wp\/v2\/posts\/4701\/revisions"}],"predecessor-version":[{"id":4712,"href":"https:\/\/efferen.cdu-huerth.de\/index.php?rest_route=\/wp\/v2\/posts\/4701\/revisions\/4712"}],"wp:featuredmedia":[{"embeddable":true,"href":"https:\/\/efferen.cdu-huerth.de\/index.php?rest_route=\/wp\/v2\/media\/4703"}],"wp:attachment":[{"href":"https:\/\/efferen.cdu-huerth.de\/index.php?rest_route=%2Fwp%2Fv2%2Fmedia&parent=4701"}],"wp:term":[{"taxonomy":"category","embeddable":true,"href":"https:\/\/efferen.cdu-huerth.de\/index.php?rest_route=%2Fwp%2Fv2%2Fcategories&post=4701"},{"taxonomy":"post_tag","embeddable":true,"href":"https:\/\/efferen.cdu-huerth.de\/index.php?rest_route=%2Fwp%2Fv2%2Ftags&post=4701"}],"curies":[{"name":"wp","href":"https:\/\/api.w.org\/{rel}","templated":true}]}}