{"id":4801,"date":"2024-12-04T12:44:44","date_gmt":"2024-12-04T11:44:44","guid":{"rendered":"https:\/\/efferen.cdu-huerth.de\/?p=4801"},"modified":"2024-12-11T11:55:04","modified_gmt":"2024-12-11T10:55:04","slug":"krippe-tannenbaumschmuecken-und-weihnachtsmarkt-und-weihnachtsbeleuchtung","status":"publish","type":"post","link":"https:\/\/efferen.cdu-huerth.de\/?p=4801","title":{"rendered":"Krippe, Tannenbaumschm\u00fccken, Weihnachtsmarkt und Weihnachtsbeleuchtung"},"content":{"rendered":"<p>Mal wieder viel los in Efferen, die Turmkrippe wurde zum Advent aufgestellt. Die Kinder schm\u00fcckten wieder den Tannenbaum und der Nikolaus verteilt seine Schokonikol\u00e4use und alle hatten viel Spass und Freude. Der F\u00f6rderverein unterst\u00fctze wie in den letzten Jahren die zur Tradition gewordene Veranstaltung des Ortsvorstehers. Zwei Tage Weihnachtsmarkt am Renneberg, veranstaltet durch den EBC brachte, vorweihnachtliche Atmosph\u00e4re, hei\u00dfer Gl\u00fchwein und andere Leckereien vers\u00fc\u00dften den Abend oder den Tag!!!<\/p>\n<p><a href=\"https:\/\/efferen.cdu-huerth.de\/wp-content\/uploads\/2024\/12\/01_IMG-20241203-WA0006.jpg\"><img loading=\"lazy\" decoding=\"async\" class=\"alignnone size-medium wp-image-4802\" src=\"https:\/\/efferen.cdu-huerth.de\/wp-content\/uploads\/2024\/12\/01_IMG-20241203-WA0006-300x225.jpg\" alt=\"\" width=\"300\" height=\"225\" srcset=\"https:\/\/efferen.cdu-huerth.de\/wp-content\/uploads\/2024\/12\/01_IMG-20241203-WA0006-300x225.jpg 300w, https:\/\/efferen.cdu-huerth.de\/wp-content\/uploads\/2024\/12\/01_IMG-20241203-WA0006-1024x768.jpg 1024w, https:\/\/efferen.cdu-huerth.de\/wp-content\/uploads\/2024\/12\/01_IMG-20241203-WA0006-768x576.jpg 768w, https:\/\/efferen.cdu-huerth.de\/wp-content\/uploads\/2024\/12\/01_IMG-20241203-WA0006-1536x1152.jpg 1536w, https:\/\/efferen.cdu-huerth.de\/wp-content\/uploads\/2024\/12\/01_IMG-20241203-WA0006-750x563.jpg 750w, https:\/\/efferen.cdu-huerth.de\/wp-content\/uploads\/2024\/12\/01_IMG-20241203-WA0006.jpg 1600w\" sizes=\"auto, (max-width: 300px) 100vw, 300px\" \/><\/a> <a href=\"https:\/\/efferen.cdu-huerth.de\/wp-content\/uploads\/2024\/12\/01_IMG-20241203-WA0009.jpg\"><img loading=\"lazy\" decoding=\"async\" class=\"alignnone size-medium wp-image-4803\" src=\"https:\/\/efferen.cdu-huerth.de\/wp-content\/uploads\/2024\/12\/01_IMG-20241203-WA0009-217x300.jpg\" alt=\"\" width=\"217\" height=\"300\" srcset=\"https:\/\/efferen.cdu-huerth.de\/wp-content\/uploads\/2024\/12\/01_IMG-20241203-WA0009-217x300.jpg 217w, https:\/\/efferen.cdu-huerth.de\/wp-content\/uploads\/2024\/12\/01_IMG-20241203-WA0009-742x1024.jpg 742w, https:\/\/efferen.cdu-huerth.de\/wp-content\/uploads\/2024\/12\/01_IMG-20241203-WA0009-768x1060.jpg 768w, https:\/\/efferen.cdu-huerth.de\/wp-content\/uploads\/2024\/12\/01_IMG-20241203-WA0009-1113x1536.jpg 1113w, https:\/\/efferen.cdu-huerth.de\/wp-content\/uploads\/2024\/12\/01_IMG-20241203-WA0009-750x1035.jpg 750w, https:\/\/efferen.cdu-huerth.de\/wp-content\/uploads\/2024\/12\/01_IMG-20241203-WA0009.jpg 1484w\" sizes=\"auto, (max-width: 217px) 100vw, 217px\" \/><\/a> <a href=\"https:\/\/efferen.cdu-huerth.de\/wp-content\/uploads\/2024\/12\/02_IMG-20241203-WA0003.jpg\"><img loading=\"lazy\" decoding=\"async\" class=\"alignnone size-medium wp-image-4804\" src=\"https:\/\/efferen.cdu-huerth.de\/wp-content\/uploads\/2024\/12\/02_IMG-20241203-WA0003-300x225.jpg\" alt=\"\" width=\"300\" height=\"225\" srcset=\"https:\/\/efferen.cdu-huerth.de\/wp-content\/uploads\/2024\/12\/02_IMG-20241203-WA0003-300x225.jpg 300w, https:\/\/efferen.cdu-huerth.de\/wp-content\/uploads\/2024\/12\/02_IMG-20241203-WA0003-1024x768.jpg 1024w, https:\/\/efferen.cdu-huerth.de\/wp-content\/uploads\/2024\/12\/02_IMG-20241203-WA0003-768x576.jpg 768w, https:\/\/efferen.cdu-huerth.de\/wp-content\/uploads\/2024\/12\/02_IMG-20241203-WA0003-1536x1152.jpg 1536w, https:\/\/efferen.cdu-huerth.de\/wp-content\/uploads\/2024\/12\/02_IMG-20241203-WA0003-750x563.jpg 750w, https:\/\/efferen.cdu-huerth.de\/wp-content\/uploads\/2024\/12\/02_IMG-20241203-WA0003.jpg 1600w\" sizes=\"auto, (max-width: 300px) 100vw, 300px\" \/><\/a> <a href=\"https:\/\/efferen.cdu-huerth.de\/wp-content\/uploads\/2024\/12\/02_IMG-20241203-WA0008.jpg\"><img loading=\"lazy\" decoding=\"async\" class=\"alignnone size-medium wp-image-4805\" src=\"https:\/\/efferen.cdu-huerth.de\/wp-content\/uploads\/2024\/12\/02_IMG-20241203-WA0008-300x225.jpg\" alt=\"\" width=\"300\" height=\"225\" srcset=\"https:\/\/efferen.cdu-huerth.de\/wp-content\/uploads\/2024\/12\/02_IMG-20241203-WA0008-300x225.jpg 300w, https:\/\/efferen.cdu-huerth.de\/wp-content\/uploads\/2024\/12\/02_IMG-20241203-WA0008-1024x768.jpg 1024w, https:\/\/efferen.cdu-huerth.de\/wp-content\/uploads\/2024\/12\/02_IMG-20241203-WA0008-768x576.jpg 768w, https:\/\/efferen.cdu-huerth.de\/wp-content\/uploads\/2024\/12\/02_IMG-20241203-WA0008-1536x1152.jpg 1536w, https:\/\/efferen.cdu-huerth.de\/wp-content\/uploads\/2024\/12\/02_IMG-20241203-WA0008-750x563.jpg 750w, https:\/\/efferen.cdu-huerth.de\/wp-content\/uploads\/2024\/12\/02_IMG-20241203-WA0008.jpg 2000w\" sizes=\"auto, (max-width: 300px) 100vw, 300px\" \/><\/a> <a href=\"https:\/\/efferen.cdu-huerth.de\/wp-content\/uploads\/2024\/12\/04_IMG-20241203-WA0001.jpg\"><img loading=\"lazy\" decoding=\"async\" class=\"alignnone size-medium wp-image-4806\" src=\"https:\/\/efferen.cdu-huerth.de\/wp-content\/uploads\/2024\/12\/04_IMG-20241203-WA0001-300x225.jpg\" alt=\"\" width=\"300\" height=\"225\" srcset=\"https:\/\/efferen.cdu-huerth.de\/wp-content\/uploads\/2024\/12\/04_IMG-20241203-WA0001-300x225.jpg 300w, https:\/\/efferen.cdu-huerth.de\/wp-content\/uploads\/2024\/12\/04_IMG-20241203-WA0001-1024x768.jpg 1024w, https:\/\/efferen.cdu-huerth.de\/wp-content\/uploads\/2024\/12\/04_IMG-20241203-WA0001-768x576.jpg 768w, https:\/\/efferen.cdu-huerth.de\/wp-content\/uploads\/2024\/12\/04_IMG-20241203-WA0001-1536x1152.jpg 1536w, https:\/\/efferen.cdu-huerth.de\/wp-content\/uploads\/2024\/12\/04_IMG-20241203-WA0001-750x563.jpg 750w, https:\/\/efferen.cdu-huerth.de\/wp-content\/uploads\/2024\/12\/04_IMG-20241203-WA0001.jpg 1600w\" sizes=\"auto, (max-width: 300px) 100vw, 300px\" \/><\/a> <a href=\"https:\/\/efferen.cdu-huerth.de\/wp-content\/uploads\/2024\/12\/FV-2021-Krippenaufbau-2-rotated.jpg\"><img loading=\"lazy\" decoding=\"async\" class=\"alignnone size-medium wp-image-4807\" src=\"https:\/\/efferen.cdu-huerth.de\/wp-content\/uploads\/2024\/12\/FV-2021-Krippenaufbau-2-300x300.jpg\" alt=\"\" width=\"300\" height=\"300\" srcset=\"https:\/\/efferen.cdu-huerth.de\/wp-content\/uploads\/2024\/12\/FV-2021-Krippenaufbau-2-300x300.jpg 300w, https:\/\/efferen.cdu-huerth.de\/wp-content\/uploads\/2024\/12\/FV-2021-Krippenaufbau-2-150x150.jpg 150w, https:\/\/efferen.cdu-huerth.de\/wp-content\/uploads\/2024\/12\/FV-2021-Krippenaufbau-2-768x768.jpg 768w, https:\/\/efferen.cdu-huerth.de\/wp-content\/uploads\/2024\/12\/FV-2021-Krippenaufbau-2-750x750.jpg 750w, https:\/\/efferen.cdu-huerth.de\/wp-content\/uploads\/2024\/12\/FV-2021-Krippenaufbau-2-rotated.jpg 864w\" sizes=\"auto, (max-width: 300px) 100vw, 300px\" \/><\/a><a href=\"https:\/\/efferen.cdu-huerth.de\/wp-content\/uploads\/2023\/12\/20231201_181322-scaled.jpg\"><img loading=\"lazy\" decoding=\"async\" class=\"alignnone size-medium wp-image-4139\" src=\"https:\/\/efferen.cdu-huerth.de\/wp-content\/uploads\/2023\/12\/20231201_181322-225x300.jpg\" alt=\"\" width=\"225\" height=\"300\" srcset=\"https:\/\/efferen.cdu-huerth.de\/wp-content\/uploads\/2023\/12\/20231201_181322-225x300.jpg 225w, https:\/\/efferen.cdu-huerth.de\/wp-content\/uploads\/2023\/12\/20231201_181322-768x1024.jpg 768w, https:\/\/efferen.cdu-huerth.de\/wp-content\/uploads\/2023\/12\/20231201_181322-1152x1536.jpg 1152w, https:\/\/efferen.cdu-huerth.de\/wp-content\/uploads\/2023\/12\/20231201_181322-1536x2048.jpg 1536w, https:\/\/efferen.cdu-huerth.de\/wp-content\/uploads\/2023\/12\/20231201_181322-750x1000.jpg 750w, https:\/\/efferen.cdu-huerth.de\/wp-content\/uploads\/2023\/12\/20231201_181322-scaled.jpg 1920w\" sizes=\"auto, (max-width: 225px) 100vw, 225px\" \/><\/a><a href=\"https:\/\/efferen.cdu-huerth.de\/wp-content\/uploads\/2023\/12\/20231201_171711-scaled.jpg\"><img loading=\"lazy\" decoding=\"async\" class=\"alignnone size-medium wp-image-4140\" src=\"https:\/\/efferen.cdu-huerth.de\/wp-content\/uploads\/2023\/12\/20231201_171711-225x300.jpg\" alt=\"\" width=\"225\" height=\"300\" srcset=\"https:\/\/efferen.cdu-huerth.de\/wp-content\/uploads\/2023\/12\/20231201_171711-225x300.jpg 225w, https:\/\/efferen.cdu-huerth.de\/wp-content\/uploads\/2023\/12\/20231201_171711-768x1024.jpg 768w, https:\/\/efferen.cdu-huerth.de\/wp-content\/uploads\/2023\/12\/20231201_171711-1152x1536.jpg 1152w, https:\/\/efferen.cdu-huerth.de\/wp-content\/uploads\/2023\/12\/20231201_171711-1536x2048.jpg 1536w, https:\/\/efferen.cdu-huerth.de\/wp-content\/uploads\/2023\/12\/20231201_171711-750x1000.jpg 750w, https:\/\/efferen.cdu-huerth.de\/wp-content\/uploads\/2023\/12\/20231201_171711-scaled.jpg 1920w\" sizes=\"auto, (max-width: 225px) 100vw, 225px\" \/><\/a><\/p>\n","protected":false},"excerpt":{"rendered":"<p>Mal wieder viel los in Efferen, die Turmkrippe wurde zum Advent aufgestellt. Die Kinder schm\u00fcckten wieder den Tannenbaum und der Nikolaus verteilt seine Schokonikol\u00e4use und alle hatten viel Spass und Freude. Der F\u00f6rderverein unterst\u00fctze wie in den letzten Jahren die zur Tradition gewordene Veranstaltung des Ortsvorstehers. Zwei Tage Weihnachtsmarkt am Renneberg, veranstaltet durch den EBC &hellip; <\/p>\n<p><a class=\"more-link btn\" href=\"https:\/\/efferen.cdu-huerth.de\/?p=4801\">Weiterlesen<\/a><\/p>\n","protected":false},"author":4,"featured_media":4807,"comment_status":"open","ping_status":"open","sticky":false,"template":"","format":"standard","meta":{"ngg_post_thumbnail":0,"footnotes":"","_links_to":"","_links_to_target":""},"categories":[17],"tags":[],"class_list":["post-4801","post","type-post","status-publish","format-standard","has-post-thumbnail","hentry","category-ortsvorsteher","item-wrap"],"_links":{"self":[{"href":"https:\/\/efferen.cdu-huerth.de\/index.php?rest_route=\/wp\/v2\/posts\/4801","targetHints":{"allow":["GET"]}}],"collection":[{"href":"https:\/\/efferen.cdu-huerth.de\/index.php?rest_route=\/wp\/v2\/posts"}],"about":[{"href":"https:\/\/efferen.cdu-huerth.de\/index.php?rest_route=\/wp\/v2\/types\/post"}],"author":[{"embeddable":true,"href":"https:\/\/efferen.cdu-huerth.de\/index.php?rest_route=\/wp\/v2\/users\/4"}],"replies":[{"embeddable":true,"href":"https:\/\/efferen.cdu-huerth.de\/index.php?rest_route=%2Fwp%2Fv2%2Fcomments&post=4801"}],"version-history":[{"count":3,"href":"https:\/\/efferen.cdu-huerth.de\/index.php?rest_route=\/wp\/v2\/posts\/4801\/revisions"}],"predecessor-version":[{"id":4820,"href":"https:\/\/efferen.cdu-huerth.de\/index.php?rest_route=\/wp\/v2\/posts\/4801\/revisions\/4820"}],"wp:featuredmedia":[{"embeddable":true,"href":"https:\/\/efferen.cdu-huerth.de\/index.php?rest_route=\/wp\/v2\/media\/4807"}],"wp:attachment":[{"href":"https:\/\/efferen.cdu-huerth.de\/index.php?rest_route=%2Fwp%2Fv2%2Fmedia&parent=4801"}],"wp:term":[{"taxonomy":"category","embeddable":true,"href":"https:\/\/efferen.cdu-huerth.de\/index.php?rest_route=%2Fwp%2Fv2%2Fcategories&post=4801"},{"taxonomy":"post_tag","embeddable":true,"href":"https:\/\/efferen.cdu-huerth.de\/index.php?rest_route=%2Fwp%2Fv2%2Ftags&post=4801"}],"curies":[{"name":"wp","href":"https:\/\/api.w.org\/{rel}","templated":true}]}}