{"id":4810,"date":"2024-12-05T20:13:19","date_gmt":"2024-12-05T19:13:19","guid":{"rendered":"https:\/\/efferen.cdu-huerth.de\/?p=4810"},"modified":"2024-12-05T20:13:19","modified_gmt":"2024-12-05T19:13:19","slug":"im-schatten-der-burg-erstrahlt-der-efferener-weihnachtsbaum-%f0%9f%8c%9f%f0%9f%8e%84%f0%9f%8c%9f","status":"publish","type":"post","link":"https:\/\/efferen.cdu-huerth.de\/?p=4810","title":{"rendered":"Im Schatten der Burg erstrahlt der Efferener Weihnachtsbaum \ud83c\udf1f\ud83c\udf84\ud83c\udf1f"},"content":{"rendered":"<div id=\"attachment_4816\" style=\"width: 300px\" class=\"wp-caption aligncenter\"><a href=\"https:\/\/efferen.cdu-huerth.de\/wp-content\/uploads\/2024\/12\/FB_IMG_1732961018471.jpg\"><img loading=\"lazy\" decoding=\"async\" aria-describedby=\"caption-attachment-4816\" class=\"wp-image-4816 size-medium\" src=\"https:\/\/efferen.cdu-huerth.de\/wp-content\/uploads\/2024\/12\/FB_IMG_1732961018471-300x225.jpg\" alt=\"\" width=\"300\" height=\"225\" srcset=\"https:\/\/efferen.cdu-huerth.de\/wp-content\/uploads\/2024\/12\/FB_IMG_1732961018471-300x225.jpg 300w, https:\/\/efferen.cdu-huerth.de\/wp-content\/uploads\/2024\/12\/FB_IMG_1732961018471-1024x768.jpg 1024w, https:\/\/efferen.cdu-huerth.de\/wp-content\/uploads\/2024\/12\/FB_IMG_1732961018471-768x576.jpg 768w, https:\/\/efferen.cdu-huerth.de\/wp-content\/uploads\/2024\/12\/FB_IMG_1732961018471-750x563.jpg 750w, https:\/\/efferen.cdu-huerth.de\/wp-content\/uploads\/2024\/12\/FB_IMG_1732961018471.jpg 1080w\" sizes=\"auto, (max-width: 300px) 100vw, 300px\" \/><\/a><p id=\"caption-attachment-4816\" class=\"wp-caption-text\">Jedes Jahr zu Besuch beim Tannenbaumschm\u00fccken: Unser Bundestagsabgeordneter Dr. Georg Kippels<\/p><\/div>\n<div id=\"attachment_4812\" style=\"width: 300px\" class=\"wp-caption aligncenter\"><a href=\"https:\/\/efferen.cdu-huerth.de\/wp-content\/uploads\/2024\/12\/20241129_172536-scaled.jpg\"><img loading=\"lazy\" decoding=\"async\" aria-describedby=\"caption-attachment-4812\" class=\"wp-image-4812 size-medium\" src=\"https:\/\/efferen.cdu-huerth.de\/wp-content\/uploads\/2024\/12\/20241129_172536-300x225.jpg\" alt=\"\" width=\"300\" height=\"225\" srcset=\"https:\/\/efferen.cdu-huerth.de\/wp-content\/uploads\/2024\/12\/20241129_172536-300x225.jpg 300w, https:\/\/efferen.cdu-huerth.de\/wp-content\/uploads\/2024\/12\/20241129_172536-1024x768.jpg 1024w, https:\/\/efferen.cdu-huerth.de\/wp-content\/uploads\/2024\/12\/20241129_172536-768x576.jpg 768w, https:\/\/efferen.cdu-huerth.de\/wp-content\/uploads\/2024\/12\/20241129_172536-1536x1152.jpg 1536w, https:\/\/efferen.cdu-huerth.de\/wp-content\/uploads\/2024\/12\/20241129_172536-2048x1536.jpg 2048w, https:\/\/efferen.cdu-huerth.de\/wp-content\/uploads\/2024\/12\/20241129_172536-750x563.jpg 750w\" sizes=\"auto, (max-width: 300px) 100vw, 300px\" \/><\/a><p id=\"caption-attachment-4812\" class=\"wp-caption-text\">Das Team hinter dem Tannenbaumschm\u00fccken<\/p><\/div>\n<div id=\"attachment_4813\" style=\"width: 217px\" class=\"wp-caption aligncenter\"><a href=\"https:\/\/efferen.cdu-huerth.de\/wp-content\/uploads\/2024\/12\/20241129_160726-scaled.jpg\"><img loading=\"lazy\" decoding=\"async\" aria-describedby=\"caption-attachment-4813\" class=\"wp-image-4813 size-medium\" src=\"https:\/\/efferen.cdu-huerth.de\/wp-content\/uploads\/2024\/12\/20241129_160726-217x300.jpg\" alt=\"\" width=\"217\" height=\"300\" srcset=\"https:\/\/efferen.cdu-huerth.de\/wp-content\/uploads\/2024\/12\/20241129_160726-217x300.jpg 217w, https:\/\/efferen.cdu-huerth.de\/wp-content\/uploads\/2024\/12\/20241129_160726-742x1024.jpg 742w, https:\/\/efferen.cdu-huerth.de\/wp-content\/uploads\/2024\/12\/20241129_160726-768x1060.jpg 768w, https:\/\/efferen.cdu-huerth.de\/wp-content\/uploads\/2024\/12\/20241129_160726-1113x1536.jpg 1113w, https:\/\/efferen.cdu-huerth.de\/wp-content\/uploads\/2024\/12\/20241129_160726-1484x2048.jpg 1484w, https:\/\/efferen.cdu-huerth.de\/wp-content\/uploads\/2024\/12\/20241129_160726-750x1035.jpg 750w, https:\/\/efferen.cdu-huerth.de\/wp-content\/uploads\/2024\/12\/20241129_160726-scaled.jpg 1855w\" sizes=\"auto, (max-width: 217px) 100vw, 217px\" \/><\/a><p id=\"caption-attachment-4813\" class=\"wp-caption-text\">Viele Efferener Kinder waren der Einladung gefolgt und brachten selbstgebastelten Baumschmuck mit<\/p><\/div>\n<div id=\"attachment_4814\" style=\"width: 300px\" class=\"wp-caption aligncenter\"><a href=\"https:\/\/efferen.cdu-huerth.de\/wp-content\/uploads\/2024\/12\/20241129_161142-scaled.jpg\"><img loading=\"lazy\" decoding=\"async\" aria-describedby=\"caption-attachment-4814\" class=\"wp-image-4814 size-medium\" src=\"https:\/\/efferen.cdu-huerth.de\/wp-content\/uploads\/2024\/12\/20241129_161142-300x225.jpg\" alt=\"\" width=\"300\" height=\"225\" srcset=\"https:\/\/efferen.cdu-huerth.de\/wp-content\/uploads\/2024\/12\/20241129_161142-300x225.jpg 300w, https:\/\/efferen.cdu-huerth.de\/wp-content\/uploads\/2024\/12\/20241129_161142-1024x768.jpg 1024w, https:\/\/efferen.cdu-huerth.de\/wp-content\/uploads\/2024\/12\/20241129_161142-768x576.jpg 768w, https:\/\/efferen.cdu-huerth.de\/wp-content\/uploads\/2024\/12\/20241129_161142-1536x1152.jpg 1536w, https:\/\/efferen.cdu-huerth.de\/wp-content\/uploads\/2024\/12\/20241129_161142-2048x1536.jpg 2048w, https:\/\/efferen.cdu-huerth.de\/wp-content\/uploads\/2024\/12\/20241129_161142-750x563.jpg 750w\" sizes=\"auto, (max-width: 300px) 100vw, 300px\" \/><\/a><p id=\"caption-attachment-4814\" class=\"wp-caption-text\">Der Schulchor der Geschwister-Scholl-Schule<\/p><\/div>\n<div id=\"attachment_4815\" style=\"width: 225px\" class=\"wp-caption aligncenter\"><a href=\"https:\/\/efferen.cdu-huerth.de\/wp-content\/uploads\/2024\/12\/FB_IMG_1732961014423.jpg\"><img loading=\"lazy\" decoding=\"async\" aria-describedby=\"caption-attachment-4815\" class=\"wp-image-4815 size-medium\" src=\"https:\/\/efferen.cdu-huerth.de\/wp-content\/uploads\/2024\/12\/FB_IMG_1732961014423-225x300.jpg\" alt=\"\" width=\"225\" height=\"300\" srcset=\"https:\/\/efferen.cdu-huerth.de\/wp-content\/uploads\/2024\/12\/FB_IMG_1732961014423-225x300.jpg 225w, https:\/\/efferen.cdu-huerth.de\/wp-content\/uploads\/2024\/12\/FB_IMG_1732961014423-768x1024.jpg 768w, https:\/\/efferen.cdu-huerth.de\/wp-content\/uploads\/2024\/12\/FB_IMG_1732961014423-750x1000.jpg 750w, https:\/\/efferen.cdu-huerth.de\/wp-content\/uploads\/2024\/12\/FB_IMG_1732961014423.jpg 1080w\" sizes=\"auto, (max-width: 225px) 100vw, 225px\" \/><\/a><p id=\"caption-attachment-4815\" class=\"wp-caption-text\">Nikolaus Herbert Verbr\u00fcggen beschenkte jedes Kind mit einem Schokonikolaus<\/p><\/div>\n<p>Traditionell lud Ortsvorsteher Thomas Blank auch in diesem Jahr am letzten Freitag im November zum gemeinsamen Tannenbaumschm\u00fccken ein.<\/p>\n<p>Festlich geschm\u00fcckt wurde der Weihnachtsbaum von den Sch\u00fclerinnen und Sch\u00fclern der Geschwister-Scholl-Schule.&nbsp;<\/p>\n<p>Begleitet wurde das Schm\u00fccken von stimmungsvollen Weihnachtsliedern, die der Schulchor unter der Leitung von Frau Tillmann vor der prachtvollen Tanne pr\u00e4sentierte.<\/p>\n<p>F\u00fcr musikalische Highlights sorgten der M\u00e4nnergesangverein Liederkranz und das Musikcorps Rheingold Efferen, die mit ihrer gewohnt beeindruckenden Darbietung die Efferener B\u00fcrgerinnen und B\u00fcrger begeisterten. DJ Dominik Krott sorgte nach den Auftritten f\u00fcr die passende musikalische Atmosph\u00e4re.&nbsp;<\/p>\n<p>Ein besonderer Moment f\u00fcr die Kinder war der Besuch unseres heiligen Nikolaus, Herbert Verbr\u00fcggen. Herzlichen Dank f\u00fcr deine mitrei\u00dfende und herzliche Art, die Figur des Nikolaus jedes Jahr aufs Neue zum Leben zu erwecken.<\/p>\n<p>Nat\u00fcrlich durfte der Nikolaus auch dieses Mal nicht ohne Geschenke erscheinen und sorgte mit seinen Gaben f\u00fcr leuchtende Kinderaugen. Gleichzeitig versorgten das Team des F\u00f6rdervereins Efferen und der CDU H\u00fcrth-Efferen die G\u00e4ste an der Theke mit Gl\u00fchwein und Kinderpunsch \u2013 eine wunderbare Gelegenheit f\u00fcr Begegnungen und Gespr\u00e4che.<\/p>\n<p>Wir m\u00f6chten allen B\u00fcrgerinnen und B\u00fcrgern danken, die der Einladung gefolgt sind. Herzlichen Dank auch an unseren Bundestagsabgeordneten Dr. Georg Kippels MdB, unseren B\u00fcrgermeister Dirk Breuer und das Dreigestirn Efferen 2025 f\u00fcr die Unterst\u00fctzung und die Teilnahme am traditionellen Tannenbaumschm\u00fccken 2024.<\/p>\n","protected":false},"excerpt":{"rendered":"<p>Traditionell lud Ortsvorsteher Thomas Blank auch in diesem Jahr am letzten Freitag im November zum gemeinsamen Tannenbaumschm\u00fccken ein. Festlich geschm\u00fcckt wurde der Weihnachtsbaum von den Sch\u00fclerinnen und Sch\u00fclern der Geschwister-Scholl-Schule.&nbsp; Begleitet wurde das Schm\u00fccken von stimmungsvollen Weihnachtsliedern, die der Schulchor unter der Leitung von Frau Tillmann vor der prachtvollen Tanne pr\u00e4sentierte. F\u00fcr musikalische Highlights sorgten &hellip; <\/p>\n<p><a class=\"more-link btn\" href=\"https:\/\/efferen.cdu-huerth.de\/?p=4810\">Weiterlesen<\/a><\/p>\n","protected":false},"author":18,"featured_media":4817,"comment_status":"open","ping_status":"open","sticky":false,"template":"","format":"standard","meta":{"ngg_post_thumbnail":0,"footnotes":"","_links_to":"","_links_to_target":""},"categories":[1],"tags":[],"class_list":["post-4810","post","type-post","status-publish","format-standard","has-post-thumbnail","hentry","category-allgemein","item-wrap"],"_links":{"self":[{"href":"https:\/\/efferen.cdu-huerth.de\/index.php?rest_route=\/wp\/v2\/posts\/4810","targetHints":{"allow":["GET"]}}],"collection":[{"href":"https:\/\/efferen.cdu-huerth.de\/index.php?rest_route=\/wp\/v2\/posts"}],"about":[{"href":"https:\/\/efferen.cdu-huerth.de\/index.php?rest_route=\/wp\/v2\/types\/post"}],"author":[{"embeddable":true,"href":"https:\/\/efferen.cdu-huerth.de\/index.php?rest_route=\/wp\/v2\/users\/18"}],"replies":[{"embeddable":true,"href":"https:\/\/efferen.cdu-huerth.de\/index.php?rest_route=%2Fwp%2Fv2%2Fcomments&post=4810"}],"version-history":[{"count":1,"href":"https:\/\/efferen.cdu-huerth.de\/index.php?rest_route=\/wp\/v2\/posts\/4810\/revisions"}],"predecessor-version":[{"id":4818,"href":"https:\/\/efferen.cdu-huerth.de\/index.php?rest_route=\/wp\/v2\/posts\/4810\/revisions\/4818"}],"wp:featuredmedia":[{"embeddable":true,"href":"https:\/\/efferen.cdu-huerth.de\/index.php?rest_route=\/wp\/v2\/media\/4817"}],"wp:attachment":[{"href":"https:\/\/efferen.cdu-huerth.de\/index.php?rest_route=%2Fwp%2Fv2%2Fmedia&parent=4810"}],"wp:term":[{"taxonomy":"category","embeddable":true,"href":"https:\/\/efferen.cdu-huerth.de\/index.php?rest_route=%2Fwp%2Fv2%2Fcategories&post=4810"},{"taxonomy":"post_tag","embeddable":true,"href":"https:\/\/efferen.cdu-huerth.de\/index.php?rest_route=%2Fwp%2Fv2%2Ftags&post=4810"}],"curies":[{"name":"wp","href":"https:\/\/api.w.org\/{rel}","templated":true}]}}