{"id":4868,"date":"2025-02-23T13:39:11","date_gmt":"2025-02-23T12:39:11","guid":{"rendered":"https:\/\/efferen.cdu-huerth.de\/?p=4868"},"modified":"2025-02-25T13:58:44","modified_gmt":"2025-02-25T12:58:44","slug":"ortsvorsteher-zur-jubilaeumsfeier-der-1-ekg","status":"publish","type":"post","link":"https:\/\/efferen.cdu-huerth.de\/?p=4868","title":{"rendered":"Ortsvorsteher zur Jubil\u00e4umsfeier der 1.EKG"},"content":{"rendered":"<p>Der Ortsvorsteher gratulierte herzlich zu 50. Jahren Erste Efferener Karnevalsgesellschaft. Gefeiert wurde im Sch\u00fctzenheim der St. Hubertus Sch\u00fctzenbruderschaft Herm\u00fclheim. Tollit\u00e4ten aus der Stadt und eigene Auftritte pr\u00e4gten den Nachmittag, H\u00f6hepunkt waren der Auftritt der Altst\u00e4dter Karnevalsgesellschaft von 1922 e.V. und vom Klimperm\u00e4nnchen Thomas C\u00fcpper mit Leedchen von Ostermann und Co.<\/p>\n<p><a href=\"https:\/\/efferen.cdu-huerth.de\/wp-content\/uploads\/2025\/02\/OV-Jubilaeumsfeier-1.EKG-50-Jahre-1-scaled.jpg\"><img loading=\"lazy\" decoding=\"async\" class=\"alignnone size-medium wp-image-4869\" src=\"https:\/\/efferen.cdu-huerth.de\/wp-content\/uploads\/2025\/02\/OV-Jubilaeumsfeier-1.EKG-50-Jahre-1-300x225.jpg\" alt=\"\" width=\"300\" height=\"225\" srcset=\"https:\/\/efferen.cdu-huerth.de\/wp-content\/uploads\/2025\/02\/OV-Jubilaeumsfeier-1.EKG-50-Jahre-1-300x225.jpg 300w, https:\/\/efferen.cdu-huerth.de\/wp-content\/uploads\/2025\/02\/OV-Jubilaeumsfeier-1.EKG-50-Jahre-1-1024x768.jpg 1024w, https:\/\/efferen.cdu-huerth.de\/wp-content\/uploads\/2025\/02\/OV-Jubilaeumsfeier-1.EKG-50-Jahre-1-768x576.jpg 768w, https:\/\/efferen.cdu-huerth.de\/wp-content\/uploads\/2025\/02\/OV-Jubilaeumsfeier-1.EKG-50-Jahre-1-1536x1152.jpg 1536w, https:\/\/efferen.cdu-huerth.de\/wp-content\/uploads\/2025\/02\/OV-Jubilaeumsfeier-1.EKG-50-Jahre-1-2048x1536.jpg 2048w, https:\/\/efferen.cdu-huerth.de\/wp-content\/uploads\/2025\/02\/OV-Jubilaeumsfeier-1.EKG-50-Jahre-1-750x563.jpg 750w\" sizes=\"auto, (max-width: 300px) 100vw, 300px\" \/><\/a> <a href=\"https:\/\/efferen.cdu-huerth.de\/wp-content\/uploads\/2025\/02\/OV-Jubilaeumsfeier-1.EKG-50-Jahre-2-scaled.jpg\"><img loading=\"lazy\" decoding=\"async\" class=\"alignnone size-medium wp-image-4870\" src=\"https:\/\/efferen.cdu-huerth.de\/wp-content\/uploads\/2025\/02\/OV-Jubilaeumsfeier-1.EKG-50-Jahre-2-225x300.jpg\" alt=\"\" width=\"225\" height=\"300\" srcset=\"https:\/\/efferen.cdu-huerth.de\/wp-content\/uploads\/2025\/02\/OV-Jubilaeumsfeier-1.EKG-50-Jahre-2-225x300.jpg 225w, https:\/\/efferen.cdu-huerth.de\/wp-content\/uploads\/2025\/02\/OV-Jubilaeumsfeier-1.EKG-50-Jahre-2-768x1024.jpg 768w, https:\/\/efferen.cdu-huerth.de\/wp-content\/uploads\/2025\/02\/OV-Jubilaeumsfeier-1.EKG-50-Jahre-2-1152x1536.jpg 1152w, https:\/\/efferen.cdu-huerth.de\/wp-content\/uploads\/2025\/02\/OV-Jubilaeumsfeier-1.EKG-50-Jahre-2-1536x2048.jpg 1536w, https:\/\/efferen.cdu-huerth.de\/wp-content\/uploads\/2025\/02\/OV-Jubilaeumsfeier-1.EKG-50-Jahre-2-750x1000.jpg 750w, https:\/\/efferen.cdu-huerth.de\/wp-content\/uploads\/2025\/02\/OV-Jubilaeumsfeier-1.EKG-50-Jahre-2-scaled.jpg 1920w\" sizes=\"auto, (max-width: 225px) 100vw, 225px\" \/><\/a> <a href=\"https:\/\/efferen.cdu-huerth.de\/wp-content\/uploads\/2025\/02\/OV-Jubilaeumsfeier-1.EKG-50-Jahre-3-scaled.jpg\"><img loading=\"lazy\" decoding=\"async\" class=\"alignnone size-medium wp-image-4871\" src=\"https:\/\/efferen.cdu-huerth.de\/wp-content\/uploads\/2025\/02\/OV-Jubilaeumsfeier-1.EKG-50-Jahre-3-300x225.jpg\" alt=\"\" width=\"300\" height=\"225\" srcset=\"https:\/\/efferen.cdu-huerth.de\/wp-content\/uploads\/2025\/02\/OV-Jubilaeumsfeier-1.EKG-50-Jahre-3-300x225.jpg 300w, https:\/\/efferen.cdu-huerth.de\/wp-content\/uploads\/2025\/02\/OV-Jubilaeumsfeier-1.EKG-50-Jahre-3-1024x768.jpg 1024w, https:\/\/efferen.cdu-huerth.de\/wp-content\/uploads\/2025\/02\/OV-Jubilaeumsfeier-1.EKG-50-Jahre-3-768x576.jpg 768w, https:\/\/efferen.cdu-huerth.de\/wp-content\/uploads\/2025\/02\/OV-Jubilaeumsfeier-1.EKG-50-Jahre-3-1536x1152.jpg 1536w, https:\/\/efferen.cdu-huerth.de\/wp-content\/uploads\/2025\/02\/OV-Jubilaeumsfeier-1.EKG-50-Jahre-3-2048x1536.jpg 2048w, https:\/\/efferen.cdu-huerth.de\/wp-content\/uploads\/2025\/02\/OV-Jubilaeumsfeier-1.EKG-50-Jahre-3-750x563.jpg 750w\" sizes=\"auto, (max-width: 300px) 100vw, 300px\" \/><\/a> <a href=\"https:\/\/efferen.cdu-huerth.de\/wp-content\/uploads\/2025\/02\/OV-Jubilaeumsfeier-1.EKG-50-Jahre-4-scaled.jpg\"><img loading=\"lazy\" decoding=\"async\" class=\"alignnone size-medium wp-image-4872\" src=\"https:\/\/efferen.cdu-huerth.de\/wp-content\/uploads\/2025\/02\/OV-Jubilaeumsfeier-1.EKG-50-Jahre-4-225x300.jpg\" alt=\"\" width=\"225\" height=\"300\" srcset=\"https:\/\/efferen.cdu-huerth.de\/wp-content\/uploads\/2025\/02\/OV-Jubilaeumsfeier-1.EKG-50-Jahre-4-225x300.jpg 225w, https:\/\/efferen.cdu-huerth.de\/wp-content\/uploads\/2025\/02\/OV-Jubilaeumsfeier-1.EKG-50-Jahre-4-768x1024.jpg 768w, https:\/\/efferen.cdu-huerth.de\/wp-content\/uploads\/2025\/02\/OV-Jubilaeumsfeier-1.EKG-50-Jahre-4-1152x1536.jpg 1152w, https:\/\/efferen.cdu-huerth.de\/wp-content\/uploads\/2025\/02\/OV-Jubilaeumsfeier-1.EKG-50-Jahre-4-1536x2048.jpg 1536w, https:\/\/efferen.cdu-huerth.de\/wp-content\/uploads\/2025\/02\/OV-Jubilaeumsfeier-1.EKG-50-Jahre-4-750x1000.jpg 750w, https:\/\/efferen.cdu-huerth.de\/wp-content\/uploads\/2025\/02\/OV-Jubilaeumsfeier-1.EKG-50-Jahre-4-scaled.jpg 1920w\" sizes=\"auto, (max-width: 225px) 100vw, 225px\" \/><\/a> <a href=\"https:\/\/efferen.cdu-huerth.de\/wp-content\/uploads\/2025\/02\/OV-Jubilaeumsfeier-1.EKG-50-Jahre-5-scaled.jpg\"><img loading=\"lazy\" decoding=\"async\" class=\"alignnone size-medium wp-image-4873\" src=\"https:\/\/efferen.cdu-huerth.de\/wp-content\/uploads\/2025\/02\/OV-Jubilaeumsfeier-1.EKG-50-Jahre-5-300x225.jpg\" alt=\"\" width=\"300\" height=\"225\" srcset=\"https:\/\/efferen.cdu-huerth.de\/wp-content\/uploads\/2025\/02\/OV-Jubilaeumsfeier-1.EKG-50-Jahre-5-300x225.jpg 300w, https:\/\/efferen.cdu-huerth.de\/wp-content\/uploads\/2025\/02\/OV-Jubilaeumsfeier-1.EKG-50-Jahre-5-1024x768.jpg 1024w, https:\/\/efferen.cdu-huerth.de\/wp-content\/uploads\/2025\/02\/OV-Jubilaeumsfeier-1.EKG-50-Jahre-5-768x576.jpg 768w, https:\/\/efferen.cdu-huerth.de\/wp-content\/uploads\/2025\/02\/OV-Jubilaeumsfeier-1.EKG-50-Jahre-5-1536x1152.jpg 1536w, https:\/\/efferen.cdu-huerth.de\/wp-content\/uploads\/2025\/02\/OV-Jubilaeumsfeier-1.EKG-50-Jahre-5-2048x1536.jpg 2048w, https:\/\/efferen.cdu-huerth.de\/wp-content\/uploads\/2025\/02\/OV-Jubilaeumsfeier-1.EKG-50-Jahre-5-750x563.jpg 750w\" sizes=\"auto, (max-width: 300px) 100vw, 300px\" \/><\/a> <a href=\"https:\/\/efferen.cdu-huerth.de\/wp-content\/uploads\/2025\/02\/OV-Jubilaeumsfeier-1.EKG-50-Jahre-6-scaled.jpg\"><img loading=\"lazy\" decoding=\"async\" class=\"alignnone size-medium wp-image-4874\" src=\"https:\/\/efferen.cdu-huerth.de\/wp-content\/uploads\/2025\/02\/OV-Jubilaeumsfeier-1.EKG-50-Jahre-6-225x300.jpg\" alt=\"\" width=\"225\" height=\"300\" srcset=\"https:\/\/efferen.cdu-huerth.de\/wp-content\/uploads\/2025\/02\/OV-Jubilaeumsfeier-1.EKG-50-Jahre-6-225x300.jpg 225w, https:\/\/efferen.cdu-huerth.de\/wp-content\/uploads\/2025\/02\/OV-Jubilaeumsfeier-1.EKG-50-Jahre-6-768x1024.jpg 768w, https:\/\/efferen.cdu-huerth.de\/wp-content\/uploads\/2025\/02\/OV-Jubilaeumsfeier-1.EKG-50-Jahre-6-1152x1536.jpg 1152w, https:\/\/efferen.cdu-huerth.de\/wp-content\/uploads\/2025\/02\/OV-Jubilaeumsfeier-1.EKG-50-Jahre-6-1536x2048.jpg 1536w, https:\/\/efferen.cdu-huerth.de\/wp-content\/uploads\/2025\/02\/OV-Jubilaeumsfeier-1.EKG-50-Jahre-6-750x1000.jpg 750w, https:\/\/efferen.cdu-huerth.de\/wp-content\/uploads\/2025\/02\/OV-Jubilaeumsfeier-1.EKG-50-Jahre-6-scaled.jpg 1920w\" sizes=\"auto, (max-width: 225px) 100vw, 225px\" \/><\/a> <a href=\"https:\/\/efferen.cdu-huerth.de\/wp-content\/uploads\/2025\/02\/OV-Jubilaeumsfeier-1.EKG-50-Jahre-7-scaled.jpg\"><img loading=\"lazy\" decoding=\"async\" class=\"alignnone size-medium wp-image-4875\" src=\"https:\/\/efferen.cdu-huerth.de\/wp-content\/uploads\/2025\/02\/OV-Jubilaeumsfeier-1.EKG-50-Jahre-7-300x225.jpg\" alt=\"\" width=\"300\" height=\"225\" srcset=\"https:\/\/efferen.cdu-huerth.de\/wp-content\/uploads\/2025\/02\/OV-Jubilaeumsfeier-1.EKG-50-Jahre-7-300x225.jpg 300w, https:\/\/efferen.cdu-huerth.de\/wp-content\/uploads\/2025\/02\/OV-Jubilaeumsfeier-1.EKG-50-Jahre-7-1024x768.jpg 1024w, https:\/\/efferen.cdu-huerth.de\/wp-content\/uploads\/2025\/02\/OV-Jubilaeumsfeier-1.EKG-50-Jahre-7-768x576.jpg 768w, https:\/\/efferen.cdu-huerth.de\/wp-content\/uploads\/2025\/02\/OV-Jubilaeumsfeier-1.EKG-50-Jahre-7-1536x1152.jpg 1536w, https:\/\/efferen.cdu-huerth.de\/wp-content\/uploads\/2025\/02\/OV-Jubilaeumsfeier-1.EKG-50-Jahre-7-2048x1536.jpg 2048w, https:\/\/efferen.cdu-huerth.de\/wp-content\/uploads\/2025\/02\/OV-Jubilaeumsfeier-1.EKG-50-Jahre-7-750x563.jpg 750w\" sizes=\"auto, (max-width: 300px) 100vw, 300px\" \/><\/a><\/p>\n","protected":false},"excerpt":{"rendered":"<p>Der Ortsvorsteher gratulierte herzlich zu 50. Jahren Erste Efferener Karnevalsgesellschaft. Gefeiert wurde im Sch\u00fctzenheim der St. Hubertus Sch\u00fctzenbruderschaft Herm\u00fclheim. Tollit\u00e4ten aus der Stadt und eigene Auftritte pr\u00e4gten den Nachmittag, H\u00f6hepunkt waren der Auftritt der Altst\u00e4dter Karnevalsgesellschaft von 1922 e.V. und vom Klimperm\u00e4nnchen Thomas C\u00fcpper mit Leedchen von Ostermann und Co.<\/p>\n","protected":false},"author":4,"featured_media":4874,"comment_status":"open","ping_status":"open","sticky":false,"template":"","format":"standard","meta":{"ngg_post_thumbnail":0,"footnotes":"","_links_to":"","_links_to_target":""},"categories":[17],"tags":[],"class_list":["post-4868","post","type-post","status-publish","format-standard","has-post-thumbnail","hentry","category-ortsvorsteher","item-wrap"],"_links":{"self":[{"href":"https:\/\/efferen.cdu-huerth.de\/index.php?rest_route=\/wp\/v2\/posts\/4868","targetHints":{"allow":["GET"]}}],"collection":[{"href":"https:\/\/efferen.cdu-huerth.de\/index.php?rest_route=\/wp\/v2\/posts"}],"about":[{"href":"https:\/\/efferen.cdu-huerth.de\/index.php?rest_route=\/wp\/v2\/types\/post"}],"author":[{"embeddable":true,"href":"https:\/\/efferen.cdu-huerth.de\/index.php?rest_route=\/wp\/v2\/users\/4"}],"replies":[{"embeddable":true,"href":"https:\/\/efferen.cdu-huerth.de\/index.php?rest_route=%2Fwp%2Fv2%2Fcomments&post=4868"}],"version-history":[{"count":3,"href":"https:\/\/efferen.cdu-huerth.de\/index.php?rest_route=\/wp\/v2\/posts\/4868\/revisions"}],"predecessor-version":[{"id":4878,"href":"https:\/\/efferen.cdu-huerth.de\/index.php?rest_route=\/wp\/v2\/posts\/4868\/revisions\/4878"}],"wp:featuredmedia":[{"embeddable":true,"href":"https:\/\/efferen.cdu-huerth.de\/index.php?rest_route=\/wp\/v2\/media\/4874"}],"wp:attachment":[{"href":"https:\/\/efferen.cdu-huerth.de\/index.php?rest_route=%2Fwp%2Fv2%2Fmedia&parent=4868"}],"wp:term":[{"taxonomy":"category","embeddable":true,"href":"https:\/\/efferen.cdu-huerth.de\/index.php?rest_route=%2Fwp%2Fv2%2Fcategories&post=4868"},{"taxonomy":"post_tag","embeddable":true,"href":"https:\/\/efferen.cdu-huerth.de\/index.php?rest_route=%2Fwp%2Fv2%2Ftags&post=4868"}],"curies":[{"name":"wp","href":"https:\/\/api.w.org\/{rel}","templated":true}]}}