{"id":5201,"date":"2025-11-21T15:54:09","date_gmt":"2025-11-21T14:54:09","guid":{"rendered":"https:\/\/efferen.cdu-huerth.de\/?p=5201"},"modified":"2025-11-21T15:56:41","modified_gmt":"2025-11-21T14:56:41","slug":"ein-leiser-abschied-der-mgv-liederkranz-von-1894-e-v-gab-sein-letztes-konzert","status":"publish","type":"post","link":"https:\/\/efferen.cdu-huerth.de\/?p=5201","title":{"rendered":"Ein leiser Abschied &#8211; Der MGV Liederkranz von 1894 e.V. gab sein letztes Konzert"},"content":{"rendered":"<p>So geht&#8217;s, nach Jahrzehnten l\u00f6st sich der MGV Liederkranz von 1894 e.V. in diesem Jahr auf! Die Chorleiterin Stefanie Hermann h\u00f6rt nach 16 Jahren auf und mehrere S\u00e4nger scheiden altersbedingt aus! Eine Tradition in Efferen geht damit unwiderruflich zu ende! Die letzte Vorstellung, eine Soiree, war in der Evangelischen Luther Kirche in Efferen. Dankesworte, Wehmut und Herzschmerz, so empfanden es die S\u00e4nger und die G\u00e4ste in der Kirche. Ich\u00a0 als Ortsvorsteher sage Danke f\u00fcr die vielen sch\u00f6nen Stunden, ob im Konzert, zu Karneval oder auf den Touren, es war immer ein Gef\u00fchl der Gemeinschaft da!!!<\/p>\n<p>Es wird mir\u00a0 fehlen!<\/p>\n<p><a href=\"https:\/\/efferen.cdu-huerth.de\/wp-content\/uploads\/2025\/11\/OV-2025-Abschied-MGV-2.jpg\"><img loading=\"lazy\" decoding=\"async\" class=\"alignnone size-medium wp-image-5202\" src=\"https:\/\/efferen.cdu-huerth.de\/wp-content\/uploads\/2025\/11\/OV-2025-Abschied-MGV-2-214x300.jpg\" alt=\"\" width=\"214\" height=\"300\" srcset=\"https:\/\/efferen.cdu-huerth.de\/wp-content\/uploads\/2025\/11\/OV-2025-Abschied-MGV-2-214x300.jpg 214w, https:\/\/efferen.cdu-huerth.de\/wp-content\/uploads\/2025\/11\/OV-2025-Abschied-MGV-2-730x1024.jpg 730w, https:\/\/efferen.cdu-huerth.de\/wp-content\/uploads\/2025\/11\/OV-2025-Abschied-MGV-2-768x1077.jpg 768w, https:\/\/efferen.cdu-huerth.de\/wp-content\/uploads\/2025\/11\/OV-2025-Abschied-MGV-2-1095x1536.jpg 1095w, https:\/\/efferen.cdu-huerth.de\/wp-content\/uploads\/2025\/11\/OV-2025-Abschied-MGV-2-750x1052.jpg 750w, https:\/\/efferen.cdu-huerth.de\/wp-content\/uploads\/2025\/11\/OV-2025-Abschied-MGV-2.jpg 1460w\" sizes=\"auto, (max-width: 214px) 100vw, 214px\" \/><\/a> <a href=\"https:\/\/efferen.cdu-huerth.de\/wp-content\/uploads\/2025\/11\/OV-2025-Abschied-MGV.jpg\"><img loading=\"lazy\" decoding=\"async\" class=\"alignnone size-medium wp-image-5203\" src=\"https:\/\/efferen.cdu-huerth.de\/wp-content\/uploads\/2025\/11\/OV-2025-Abschied-MGV-214x300.jpg\" alt=\"\" width=\"214\" height=\"300\" srcset=\"https:\/\/efferen.cdu-huerth.de\/wp-content\/uploads\/2025\/11\/OV-2025-Abschied-MGV-214x300.jpg 214w, https:\/\/efferen.cdu-huerth.de\/wp-content\/uploads\/2025\/11\/OV-2025-Abschied-MGV-730x1024.jpg 730w, https:\/\/efferen.cdu-huerth.de\/wp-content\/uploads\/2025\/11\/OV-2025-Abschied-MGV-768x1077.jpg 768w, https:\/\/efferen.cdu-huerth.de\/wp-content\/uploads\/2025\/11\/OV-2025-Abschied-MGV-1095x1536.jpg 1095w, https:\/\/efferen.cdu-huerth.de\/wp-content\/uploads\/2025\/11\/OV-2025-Abschied-MGV-750x1052.jpg 750w, https:\/\/efferen.cdu-huerth.de\/wp-content\/uploads\/2025\/11\/OV-2025-Abschied-MGV.jpg 1460w\" sizes=\"auto, (max-width: 214px) 100vw, 214px\" \/><\/a><\/p>\n","protected":false},"excerpt":{"rendered":"<p>So geht&#8217;s, nach Jahrzehnten l\u00f6st sich der MGV Liederkranz von 1894 e.V. in diesem Jahr auf! Die Chorleiterin Stefanie Hermann h\u00f6rt nach 16 Jahren auf und mehrere S\u00e4nger scheiden altersbedingt aus! Eine Tradition in Efferen geht damit unwiderruflich zu ende! Die letzte Vorstellung, eine Soiree, war in der Evangelischen Luther Kirche in Efferen. Dankesworte, Wehmut &hellip; <\/p>\n<p><a class=\"more-link btn\" href=\"https:\/\/efferen.cdu-huerth.de\/?p=5201\">Weiterlesen<\/a><\/p>\n","protected":false},"author":4,"featured_media":0,"comment_status":"open","ping_status":"open","sticky":false,"template":"","format":"standard","meta":{"ngg_post_thumbnail":0,"footnotes":"","_links_to":"","_links_to_target":""},"categories":[17],"tags":[],"class_list":["post-5201","post","type-post","status-publish","format-standard","hentry","category-ortsvorsteher","item-wrap"],"_links":{"self":[{"href":"https:\/\/efferen.cdu-huerth.de\/index.php?rest_route=\/wp\/v2\/posts\/5201","targetHints":{"allow":["GET"]}}],"collection":[{"href":"https:\/\/efferen.cdu-huerth.de\/index.php?rest_route=\/wp\/v2\/posts"}],"about":[{"href":"https:\/\/efferen.cdu-huerth.de\/index.php?rest_route=\/wp\/v2\/types\/post"}],"author":[{"embeddable":true,"href":"https:\/\/efferen.cdu-huerth.de\/index.php?rest_route=\/wp\/v2\/users\/4"}],"replies":[{"embeddable":true,"href":"https:\/\/efferen.cdu-huerth.de\/index.php?rest_route=%2Fwp%2Fv2%2Fcomments&post=5201"}],"version-history":[{"count":1,"href":"https:\/\/efferen.cdu-huerth.de\/index.php?rest_route=\/wp\/v2\/posts\/5201\/revisions"}],"predecessor-version":[{"id":5204,"href":"https:\/\/efferen.cdu-huerth.de\/index.php?rest_route=\/wp\/v2\/posts\/5201\/revisions\/5204"}],"wp:attachment":[{"href":"https:\/\/efferen.cdu-huerth.de\/index.php?rest_route=%2Fwp%2Fv2%2Fmedia&parent=5201"}],"wp:term":[{"taxonomy":"category","embeddable":true,"href":"https:\/\/efferen.cdu-huerth.de\/index.php?rest_route=%2Fwp%2Fv2%2Fcategories&post=5201"},{"taxonomy":"post_tag","embeddable":true,"href":"https:\/\/efferen.cdu-huerth.de\/index.php?rest_route=%2Fwp%2Fv2%2Ftags&post=5201"}],"curies":[{"name":"wp","href":"https:\/\/api.w.org\/{rel}","templated":true}]}}