{"id":5205,"date":"2025-11-23T14:35:01","date_gmt":"2025-11-23T13:35:01","guid":{"rendered":"https:\/\/efferen.cdu-huerth.de\/?p=5205"},"modified":"2025-11-23T14:37:24","modified_gmt":"2025-11-23T13:37:24","slug":"die-vorweihnachtszeit-beginnt","status":"publish","type":"post","link":"https:\/\/efferen.cdu-huerth.de\/?p=5205","title":{"rendered":"Die Vorweihnachtszeit beginnt!"},"content":{"rendered":"<p>Die Vorweihnachtszeit beginnt, das Krippenteam war wieder flei\u00dfig! Die Turmkrippe von St. Maria Geburt in Efferen wurde von einigen Mitglieder des F\u00f6rdervereines aufgebaut! Danke an alle Helfer, zudem wurde anschlie\u00dfend die Weihnachtsbeleuchtung an der Bach- und Kaulardstra\u00dfe aufgehangen! Die Advent- und Weihnachtstage k\u00f6nnen jetzt kommen! Allen eine sch\u00f6ne Adventszeit!<\/p>\n<p><a href=\"https:\/\/efferen.cdu-huerth.de\/wp-content\/uploads\/2025\/11\/FV-2025-Krippenaufbau-2.jpg\"><img loading=\"lazy\" decoding=\"async\" class=\"alignnone size-medium wp-image-5207\" src=\"https:\/\/efferen.cdu-huerth.de\/wp-content\/uploads\/2025\/11\/FV-2025-Krippenaufbau-2-300x225.jpg\" alt=\"\" width=\"300\" height=\"225\" \/><\/a> <a href=\"https:\/\/efferen.cdu-huerth.de\/wp-content\/uploads\/2025\/11\/FV-2025-Krippenaufbau-1.jpg\"><img loading=\"lazy\" decoding=\"async\" class=\"alignnone size-medium wp-image-5206\" src=\"https:\/\/efferen.cdu-huerth.de\/wp-content\/uploads\/2025\/11\/FV-2025-Krippenaufbau-1-300x225.jpg\" alt=\"\" width=\"300\" height=\"225\" srcset=\"https:\/\/efferen.cdu-huerth.de\/wp-content\/uploads\/2025\/11\/FV-2025-Krippenaufbau-1-300x225.jpg 300w, https:\/\/efferen.cdu-huerth.de\/wp-content\/uploads\/2025\/11\/FV-2025-Krippenaufbau-1-1024x768.jpg 1024w, https:\/\/efferen.cdu-huerth.de\/wp-content\/uploads\/2025\/11\/FV-2025-Krippenaufbau-1-768x576.jpg 768w, https:\/\/efferen.cdu-huerth.de\/wp-content\/uploads\/2025\/11\/FV-2025-Krippenaufbau-1-1536x1152.jpg 1536w, https:\/\/efferen.cdu-huerth.de\/wp-content\/uploads\/2025\/11\/FV-2025-Krippenaufbau-1-750x563.jpg 750w, https:\/\/efferen.cdu-huerth.de\/wp-content\/uploads\/2025\/11\/FV-2025-Krippenaufbau-1.jpg 1600w\" sizes=\"auto, (max-width: 300px) 100vw, 300px\" \/><\/a><a href=\"https:\/\/efferen.cdu-huerth.de\/wp-content\/uploads\/2025\/11\/FV-2023-Weihnachtssterne-scaled.jpg\"><img loading=\"lazy\" decoding=\"async\" class=\"alignnone size-medium wp-image-5209\" src=\"https:\/\/efferen.cdu-huerth.de\/wp-content\/uploads\/2025\/11\/FV-2023-Weihnachtssterne-300x225.jpg\" alt=\"\" width=\"300\" height=\"225\" srcset=\"https:\/\/efferen.cdu-huerth.de\/wp-content\/uploads\/2025\/11\/FV-2023-Weihnachtssterne-300x225.jpg 300w, https:\/\/efferen.cdu-huerth.de\/wp-content\/uploads\/2025\/11\/FV-2023-Weihnachtssterne-1024x768.jpg 1024w, https:\/\/efferen.cdu-huerth.de\/wp-content\/uploads\/2025\/11\/FV-2023-Weihnachtssterne-768x576.jpg 768w, https:\/\/efferen.cdu-huerth.de\/wp-content\/uploads\/2025\/11\/FV-2023-Weihnachtssterne-1536x1152.jpg 1536w, https:\/\/efferen.cdu-huerth.de\/wp-content\/uploads\/2025\/11\/FV-2023-Weihnachtssterne-2048x1536.jpg 2048w, https:\/\/efferen.cdu-huerth.de\/wp-content\/uploads\/2025\/11\/FV-2023-Weihnachtssterne-750x563.jpg 750w\" sizes=\"auto, (max-width: 300px) 100vw, 300px\" \/><\/a><\/p>\n","protected":false},"excerpt":{"rendered":"<p>Die Vorweihnachtszeit beginnt, das Krippenteam war wieder flei\u00dfig! Die Turmkrippe von St. Maria Geburt in Efferen wurde von einigen Mitglieder des F\u00f6rdervereines aufgebaut! Danke an alle Helfer, zudem wurde anschlie\u00dfend die Weihnachtsbeleuchtung an der Bach- und Kaulardstra\u00dfe aufgehangen! Die Advent- und Weihnachtstage k\u00f6nnen jetzt kommen! Allen eine sch\u00f6ne Adventszeit!<\/p>\n","protected":false},"author":4,"featured_media":5206,"comment_status":"open","ping_status":"open","sticky":false,"template":"","format":"standard","meta":{"ngg_post_thumbnail":0,"footnotes":"","_links_to":"","_links_to_target":""},"categories":[17],"tags":[],"class_list":["post-5205","post","type-post","status-publish","format-standard","has-post-thumbnail","hentry","category-ortsvorsteher","item-wrap"],"_links":{"self":[{"href":"https:\/\/efferen.cdu-huerth.de\/index.php?rest_route=\/wp\/v2\/posts\/5205","targetHints":{"allow":["GET"]}}],"collection":[{"href":"https:\/\/efferen.cdu-huerth.de\/index.php?rest_route=\/wp\/v2\/posts"}],"about":[{"href":"https:\/\/efferen.cdu-huerth.de\/index.php?rest_route=\/wp\/v2\/types\/post"}],"author":[{"embeddable":true,"href":"https:\/\/efferen.cdu-huerth.de\/index.php?rest_route=\/wp\/v2\/users\/4"}],"replies":[{"embeddable":true,"href":"https:\/\/efferen.cdu-huerth.de\/index.php?rest_route=%2Fwp%2Fv2%2Fcomments&post=5205"}],"version-history":[{"count":4,"href":"https:\/\/efferen.cdu-huerth.de\/index.php?rest_route=\/wp\/v2\/posts\/5205\/revisions"}],"predecessor-version":[{"id":5213,"href":"https:\/\/efferen.cdu-huerth.de\/index.php?rest_route=\/wp\/v2\/posts\/5205\/revisions\/5213"}],"wp:featuredmedia":[{"embeddable":true,"href":"https:\/\/efferen.cdu-huerth.de\/index.php?rest_route=\/wp\/v2\/media\/5206"}],"wp:attachment":[{"href":"https:\/\/efferen.cdu-huerth.de\/index.php?rest_route=%2Fwp%2Fv2%2Fmedia&parent=5205"}],"wp:term":[{"taxonomy":"category","embeddable":true,"href":"https:\/\/efferen.cdu-huerth.de\/index.php?rest_route=%2Fwp%2Fv2%2Fcategories&post=5205"},{"taxonomy":"post_tag","embeddable":true,"href":"https:\/\/efferen.cdu-huerth.de\/index.php?rest_route=%2Fwp%2Fv2%2Ftags&post=5205"}],"curies":[{"name":"wp","href":"https:\/\/api.w.org\/{rel}","templated":true}]}}