{"id":5216,"date":"2025-11-30T14:51:40","date_gmt":"2025-11-30T13:51:40","guid":{"rendered":"https:\/\/efferen.cdu-huerth.de\/?p=5216"},"modified":"2025-11-30T22:48:26","modified_gmt":"2025-11-30T21:48:26","slug":"tannenbaumschmuecken-2025-strahlende-kinderaugen","status":"publish","type":"post","link":"https:\/\/efferen.cdu-huerth.de\/?p=5216","title":{"rendered":"Tannenbaumschm\u00fccken 2025 &#8211; Strahlende Kinderaugen"},"content":{"rendered":"<p>Sch\u00f6n war es mal wieder an der Burg! Der Ortsvorsteher hatte wieder zum traditionellen Tannenbaumschm\u00fccken eingeladen und viele waren gekommen! Die Kinder schm\u00fcckten wieder den Baum, der Ortsvorsteher erz\u00e4hlte Geschichten und weihnachtliche Musik wurde\u00a0 von DJ Krott aufgelegt! Das Programm musste leider abge\u00e4ndert werden, der MGV Liederkranz hat sich aufgel\u00f6st und die Don Bosco Schule musste auch kurzfristig Absagen! Retter in der Not war schlie\u00dflich die Musikschule Efferen, die neu gegr\u00fcndete Gruppe der Ukulelen Band ( Urspr\u00fcnglich aus Hawaii) sangen bekannte Weihnachtslieder! Schokopl\u00e4tzchen, Spekulatius, Kinderpunsch und Gl\u00fchwein f\u00fcr die Erwachsenen sorgten ebenfalls f\u00fcr gute weihnachtliche Stimmung. H\u00f6hepunkt war wie immer der Besuch des Nikolauses, er erz\u00e4hlte eine Weihnachtsgeschichte und verteilte zum Schluss die Schoko-Nikol\u00e4use. Es waren wieder sch\u00f6ne Stunden und B\u00fcrgermeister Dirk Breuer hatte ebenfalls Gefallen an dieser Veranstaltung! Danke f\u00fcr&#8217;s kommen!<\/p>\n<p><a href=\"https:\/\/efferen.cdu-huerth.de\/wp-content\/uploads\/2025\/11\/11_IMG-20251129-WA0002.jpg\"><img loading=\"lazy\" decoding=\"async\" class=\"alignnone size-medium wp-image-5233\" src=\"https:\/\/efferen.cdu-huerth.de\/wp-content\/uploads\/2025\/11\/11_IMG-20251129-WA0002-225x300.jpg\" alt=\"\" width=\"225\" height=\"300\" srcset=\"https:\/\/efferen.cdu-huerth.de\/wp-content\/uploads\/2025\/11\/11_IMG-20251129-WA0002-225x300.jpg 225w, https:\/\/efferen.cdu-huerth.de\/wp-content\/uploads\/2025\/11\/11_IMG-20251129-WA0002-768x1024.jpg 768w, https:\/\/efferen.cdu-huerth.de\/wp-content\/uploads\/2025\/11\/11_IMG-20251129-WA0002-1152x1536.jpg 1152w, https:\/\/efferen.cdu-huerth.de\/wp-content\/uploads\/2025\/11\/11_IMG-20251129-WA0002-750x1000.jpg 750w, https:\/\/efferen.cdu-huerth.de\/wp-content\/uploads\/2025\/11\/11_IMG-20251129-WA0002.jpg 1200w\" sizes=\"auto, (max-width: 225px) 100vw, 225px\" \/><\/a> <a href=\"https:\/\/efferen.cdu-huerth.de\/wp-content\/uploads\/2025\/11\/10_IMG-20251129-WA0003.jpg\"><img loading=\"lazy\" decoding=\"async\" class=\"alignnone size-medium wp-image-5232\" src=\"https:\/\/efferen.cdu-huerth.de\/wp-content\/uploads\/2025\/11\/10_IMG-20251129-WA0003-134x300.jpg\" alt=\"\" width=\"134\" height=\"300\" srcset=\"https:\/\/efferen.cdu-huerth.de\/wp-content\/uploads\/2025\/11\/10_IMG-20251129-WA0003-134x300.jpg 134w, https:\/\/efferen.cdu-huerth.de\/wp-content\/uploads\/2025\/11\/10_IMG-20251129-WA0003-458x1024.jpg 458w, https:\/\/efferen.cdu-huerth.de\/wp-content\/uploads\/2025\/11\/10_IMG-20251129-WA0003-687x1536.jpg 687w, https:\/\/efferen.cdu-huerth.de\/wp-content\/uploads\/2025\/11\/10_IMG-20251129-WA0003.jpg 716w\" sizes=\"auto, (max-width: 134px) 100vw, 134px\" \/><\/a> <a href=\"https:\/\/efferen.cdu-huerth.de\/wp-content\/uploads\/2025\/11\/09_IMG-20251129-WA0005.jpg\"><img loading=\"lazy\" decoding=\"async\" class=\"alignnone size-medium wp-image-5231\" src=\"https:\/\/efferen.cdu-huerth.de\/wp-content\/uploads\/2025\/11\/09_IMG-20251129-WA0005-225x300.jpg\" alt=\"\" width=\"225\" height=\"300\" srcset=\"https:\/\/efferen.cdu-huerth.de\/wp-content\/uploads\/2025\/11\/09_IMG-20251129-WA0005-225x300.jpg 225w, https:\/\/efferen.cdu-huerth.de\/wp-content\/uploads\/2025\/11\/09_IMG-20251129-WA0005-768x1024.jpg 768w, https:\/\/efferen.cdu-huerth.de\/wp-content\/uploads\/2025\/11\/09_IMG-20251129-WA0005-1152x1536.jpg 1152w, https:\/\/efferen.cdu-huerth.de\/wp-content\/uploads\/2025\/11\/09_IMG-20251129-WA0005-750x1000.jpg 750w, https:\/\/efferen.cdu-huerth.de\/wp-content\/uploads\/2025\/11\/09_IMG-20251129-WA0005.jpg 1200w\" sizes=\"auto, (max-width: 225px) 100vw, 225px\" \/><\/a> <a href=\"https:\/\/efferen.cdu-huerth.de\/wp-content\/uploads\/2025\/11\/07_IMG-20251129-WA0008.jpg\"><img loading=\"lazy\" decoding=\"async\" class=\"alignnone size-medium wp-image-5229\" src=\"https:\/\/efferen.cdu-huerth.de\/wp-content\/uploads\/2025\/11\/07_IMG-20251129-WA0008-300x225.jpg\" alt=\"\" width=\"300\" height=\"225\" srcset=\"https:\/\/efferen.cdu-huerth.de\/wp-content\/uploads\/2025\/11\/07_IMG-20251129-WA0008-300x225.jpg 300w, https:\/\/efferen.cdu-huerth.de\/wp-content\/uploads\/2025\/11\/07_IMG-20251129-WA0008-1024x768.jpg 1024w, https:\/\/efferen.cdu-huerth.de\/wp-content\/uploads\/2025\/11\/07_IMG-20251129-WA0008-768x576.jpg 768w, https:\/\/efferen.cdu-huerth.de\/wp-content\/uploads\/2025\/11\/07_IMG-20251129-WA0008-1536x1152.jpg 1536w, https:\/\/efferen.cdu-huerth.de\/wp-content\/uploads\/2025\/11\/07_IMG-20251129-WA0008-750x563.jpg 750w, https:\/\/efferen.cdu-huerth.de\/wp-content\/uploads\/2025\/11\/07_IMG-20251129-WA0008.jpg 1600w\" sizes=\"auto, (max-width: 300px) 100vw, 300px\" \/><\/a> <a href=\"https:\/\/efferen.cdu-huerth.de\/wp-content\/uploads\/2025\/11\/06_IMG-20251129-WA0009.jpg\"><img loading=\"lazy\" decoding=\"async\" class=\"alignnone size-medium wp-image-5228\" src=\"https:\/\/efferen.cdu-huerth.de\/wp-content\/uploads\/2025\/11\/06_IMG-20251129-WA0009-209x300.jpg\" alt=\"\" width=\"209\" height=\"300\" srcset=\"https:\/\/efferen.cdu-huerth.de\/wp-content\/uploads\/2025\/11\/06_IMG-20251129-WA0009-209x300.jpg 209w, https:\/\/efferen.cdu-huerth.de\/wp-content\/uploads\/2025\/11\/06_IMG-20251129-WA0009-714x1024.jpg 714w, https:\/\/efferen.cdu-huerth.de\/wp-content\/uploads\/2025\/11\/06_IMG-20251129-WA0009-768x1102.jpg 768w, https:\/\/efferen.cdu-huerth.de\/wp-content\/uploads\/2025\/11\/06_IMG-20251129-WA0009-1070x1536.jpg 1070w, https:\/\/efferen.cdu-huerth.de\/wp-content\/uploads\/2025\/11\/06_IMG-20251129-WA0009-750x1076.jpg 750w, https:\/\/efferen.cdu-huerth.de\/wp-content\/uploads\/2025\/11\/06_IMG-20251129-WA0009.jpg 1115w\" sizes=\"auto, (max-width: 209px) 100vw, 209px\" \/><\/a> <a href=\"https:\/\/efferen.cdu-huerth.de\/wp-content\/uploads\/2025\/11\/05_IMG-20251129-WA0011.jpg\"><img loading=\"lazy\" decoding=\"async\" class=\"alignnone size-medium wp-image-5226\" src=\"https:\/\/efferen.cdu-huerth.de\/wp-content\/uploads\/2025\/11\/05_IMG-20251129-WA0011-300x225.jpg\" alt=\"\" width=\"300\" height=\"225\" srcset=\"https:\/\/efferen.cdu-huerth.de\/wp-content\/uploads\/2025\/11\/05_IMG-20251129-WA0011-300x225.jpg 300w, https:\/\/efferen.cdu-huerth.de\/wp-content\/uploads\/2025\/11\/05_IMG-20251129-WA0011-1024x768.jpg 1024w, https:\/\/efferen.cdu-huerth.de\/wp-content\/uploads\/2025\/11\/05_IMG-20251129-WA0011-768x576.jpg 768w, https:\/\/efferen.cdu-huerth.de\/wp-content\/uploads\/2025\/11\/05_IMG-20251129-WA0011-1536x1152.jpg 1536w, https:\/\/efferen.cdu-huerth.de\/wp-content\/uploads\/2025\/11\/05_IMG-20251129-WA0011-750x563.jpg 750w, https:\/\/efferen.cdu-huerth.de\/wp-content\/uploads\/2025\/11\/05_IMG-20251129-WA0011.jpg 1600w\" sizes=\"auto, (max-width: 300px) 100vw, 300px\" \/><\/a> <a href=\"https:\/\/efferen.cdu-huerth.de\/wp-content\/uploads\/2025\/11\/04_IMG-20251129-WA0012.jpg\"><img loading=\"lazy\" decoding=\"async\" class=\"alignnone size-medium wp-image-5224\" src=\"https:\/\/efferen.cdu-huerth.de\/wp-content\/uploads\/2025\/11\/04_IMG-20251129-WA0012-300x225.jpg\" alt=\"\" width=\"300\" height=\"225\" srcset=\"https:\/\/efferen.cdu-huerth.de\/wp-content\/uploads\/2025\/11\/04_IMG-20251129-WA0012-300x225.jpg 300w, https:\/\/efferen.cdu-huerth.de\/wp-content\/uploads\/2025\/11\/04_IMG-20251129-WA0012-1024x768.jpg 1024w, https:\/\/efferen.cdu-huerth.de\/wp-content\/uploads\/2025\/11\/04_IMG-20251129-WA0012-768x576.jpg 768w, https:\/\/efferen.cdu-huerth.de\/wp-content\/uploads\/2025\/11\/04_IMG-20251129-WA0012-1536x1152.jpg 1536w, https:\/\/efferen.cdu-huerth.de\/wp-content\/uploads\/2025\/11\/04_IMG-20251129-WA0012-750x563.jpg 750w, https:\/\/efferen.cdu-huerth.de\/wp-content\/uploads\/2025\/11\/04_IMG-20251129-WA0012.jpg 1600w\" sizes=\"auto, (max-width: 300px) 100vw, 300px\" \/><\/a> <a href=\"https:\/\/efferen.cdu-huerth.de\/wp-content\/uploads\/2025\/11\/04_IMG-20251128-WA0011-scaled.jpg\"><img loading=\"lazy\" decoding=\"async\" class=\"alignnone size-medium wp-image-5223\" src=\"https:\/\/efferen.cdu-huerth.de\/wp-content\/uploads\/2025\/11\/04_IMG-20251128-WA0011-225x300.jpg\" alt=\"\" width=\"225\" height=\"300\" srcset=\"https:\/\/efferen.cdu-huerth.de\/wp-content\/uploads\/2025\/11\/04_IMG-20251128-WA0011-225x300.jpg 225w, https:\/\/efferen.cdu-huerth.de\/wp-content\/uploads\/2025\/11\/04_IMG-20251128-WA0011-768x1024.jpg 768w, https:\/\/efferen.cdu-huerth.de\/wp-content\/uploads\/2025\/11\/04_IMG-20251128-WA0011-1152x1536.jpg 1152w, https:\/\/efferen.cdu-huerth.de\/wp-content\/uploads\/2025\/11\/04_IMG-20251128-WA0011-1536x2048.jpg 1536w, https:\/\/efferen.cdu-huerth.de\/wp-content\/uploads\/2025\/11\/04_IMG-20251128-WA0011-750x1000.jpg 750w, https:\/\/efferen.cdu-huerth.de\/wp-content\/uploads\/2025\/11\/04_IMG-20251128-WA0011-scaled.jpg 1920w\" sizes=\"auto, (max-width: 225px) 100vw, 225px\" \/><\/a> <a href=\"https:\/\/efferen.cdu-huerth.de\/wp-content\/uploads\/2025\/11\/03_IMG-20251129-WA0013.jpg\"><img loading=\"lazy\" decoding=\"async\" class=\"alignnone size-medium wp-image-5222\" src=\"https:\/\/efferen.cdu-huerth.de\/wp-content\/uploads\/2025\/11\/03_IMG-20251129-WA0013-300x225.jpg\" alt=\"\" width=\"300\" height=\"225\" srcset=\"https:\/\/efferen.cdu-huerth.de\/wp-content\/uploads\/2025\/11\/03_IMG-20251129-WA0013-300x225.jpg 300w, https:\/\/efferen.cdu-huerth.de\/wp-content\/uploads\/2025\/11\/03_IMG-20251129-WA0013-1024x768.jpg 1024w, https:\/\/efferen.cdu-huerth.de\/wp-content\/uploads\/2025\/11\/03_IMG-20251129-WA0013-768x576.jpg 768w, https:\/\/efferen.cdu-huerth.de\/wp-content\/uploads\/2025\/11\/03_IMG-20251129-WA0013-1536x1152.jpg 1536w, https:\/\/efferen.cdu-huerth.de\/wp-content\/uploads\/2025\/11\/03_IMG-20251129-WA0013-750x563.jpg 750w, https:\/\/efferen.cdu-huerth.de\/wp-content\/uploads\/2025\/11\/03_IMG-20251129-WA0013.jpg 1600w\" sizes=\"auto, (max-width: 300px) 100vw, 300px\" \/><\/a> <a href=\"https:\/\/efferen.cdu-huerth.de\/wp-content\/uploads\/2025\/11\/03_IMG-20251128-WA0017-scaled.jpg\"><img loading=\"lazy\" decoding=\"async\" class=\"alignnone size-medium wp-image-5221\" src=\"https:\/\/efferen.cdu-huerth.de\/wp-content\/uploads\/2025\/11\/03_IMG-20251128-WA0017-225x300.jpg\" alt=\"\" width=\"225\" height=\"300\" srcset=\"https:\/\/efferen.cdu-huerth.de\/wp-content\/uploads\/2025\/11\/03_IMG-20251128-WA0017-225x300.jpg 225w, https:\/\/efferen.cdu-huerth.de\/wp-content\/uploads\/2025\/11\/03_IMG-20251128-WA0017-768x1024.jpg 768w, https:\/\/efferen.cdu-huerth.de\/wp-content\/uploads\/2025\/11\/03_IMG-20251128-WA0017-1152x1536.jpg 1152w, https:\/\/efferen.cdu-huerth.de\/wp-content\/uploads\/2025\/11\/03_IMG-20251128-WA0017-1536x2048.jpg 1536w, https:\/\/efferen.cdu-huerth.de\/wp-content\/uploads\/2025\/11\/03_IMG-20251128-WA0017-750x1000.jpg 750w, https:\/\/efferen.cdu-huerth.de\/wp-content\/uploads\/2025\/11\/03_IMG-20251128-WA0017-scaled.jpg 1920w\" sizes=\"auto, (max-width: 225px) 100vw, 225px\" \/><\/a> <a href=\"https:\/\/efferen.cdu-huerth.de\/wp-content\/uploads\/2025\/11\/02_IMG-20251129-WA0014.jpg\"><img loading=\"lazy\" decoding=\"async\" class=\"alignnone size-medium wp-image-5220\" src=\"https:\/\/efferen.cdu-huerth.de\/wp-content\/uploads\/2025\/11\/02_IMG-20251129-WA0014-300x225.jpg\" alt=\"\" width=\"300\" height=\"225\" srcset=\"https:\/\/efferen.cdu-huerth.de\/wp-content\/uploads\/2025\/11\/02_IMG-20251129-WA0014-300x225.jpg 300w, https:\/\/efferen.cdu-huerth.de\/wp-content\/uploads\/2025\/11\/02_IMG-20251129-WA0014-1024x768.jpg 1024w, https:\/\/efferen.cdu-huerth.de\/wp-content\/uploads\/2025\/11\/02_IMG-20251129-WA0014-768x576.jpg 768w, https:\/\/efferen.cdu-huerth.de\/wp-content\/uploads\/2025\/11\/02_IMG-20251129-WA0014-1536x1152.jpg 1536w, https:\/\/efferen.cdu-huerth.de\/wp-content\/uploads\/2025\/11\/02_IMG-20251129-WA0014-750x563.jpg 750w, https:\/\/efferen.cdu-huerth.de\/wp-content\/uploads\/2025\/11\/02_IMG-20251129-WA0014.jpg 1600w\" sizes=\"auto, (max-width: 300px) 100vw, 300px\" \/><\/a> <a href=\"https:\/\/efferen.cdu-huerth.de\/wp-content\/uploads\/2025\/11\/02_IMG-20251128-WA0020.jpg\"><img loading=\"lazy\" decoding=\"async\" class=\"alignnone size-medium wp-image-5219\" src=\"https:\/\/efferen.cdu-huerth.de\/wp-content\/uploads\/2025\/11\/02_IMG-20251128-WA0020-169x300.jpg\" alt=\"\" width=\"169\" height=\"300\" srcset=\"https:\/\/efferen.cdu-huerth.de\/wp-content\/uploads\/2025\/11\/02_IMG-20251128-WA0020-169x300.jpg 169w, https:\/\/efferen.cdu-huerth.de\/wp-content\/uploads\/2025\/11\/02_IMG-20251128-WA0020-576x1024.jpg 576w, https:\/\/efferen.cdu-huerth.de\/wp-content\/uploads\/2025\/11\/02_IMG-20251128-WA0020-768x1365.jpg 768w, https:\/\/efferen.cdu-huerth.de\/wp-content\/uploads\/2025\/11\/02_IMG-20251128-WA0020-864x1536.jpg 864w, https:\/\/efferen.cdu-huerth.de\/wp-content\/uploads\/2025\/11\/02_IMG-20251128-WA0020-750x1333.jpg 750w, https:\/\/efferen.cdu-huerth.de\/wp-content\/uploads\/2025\/11\/02_IMG-20251128-WA0020.jpg 1148w\" sizes=\"auto, (max-width: 169px) 100vw, 169px\" \/><\/a><\/p>\n","protected":false},"excerpt":{"rendered":"<p>Sch\u00f6n war es mal wieder an der Burg! Der Ortsvorsteher hatte wieder zum traditionellen Tannenbaumschm\u00fccken eingeladen und viele waren gekommen! Die Kinder schm\u00fcckten wieder den Baum, der Ortsvorsteher erz\u00e4hlte Geschichten und weihnachtliche Musik wurde\u00a0 von DJ Krott aufgelegt! Das Programm musste leider abge\u00e4ndert werden, der MGV Liederkranz hat sich aufgel\u00f6st und die Don Bosco Schule &hellip; <\/p>\n<p><a class=\"more-link btn\" href=\"https:\/\/efferen.cdu-huerth.de\/?p=5216\">Weiterlesen<\/a><\/p>\n","protected":false},"author":4,"featured_media":5232,"comment_status":"open","ping_status":"open","sticky":false,"template":"","format":"standard","meta":{"ngg_post_thumbnail":0,"footnotes":"","_links_to":"","_links_to_target":""},"categories":[17],"tags":[],"class_list":["post-5216","post","type-post","status-publish","format-standard","has-post-thumbnail","hentry","category-ortsvorsteher","item-wrap"],"_links":{"self":[{"href":"https:\/\/efferen.cdu-huerth.de\/index.php?rest_route=\/wp\/v2\/posts\/5216","targetHints":{"allow":["GET"]}}],"collection":[{"href":"https:\/\/efferen.cdu-huerth.de\/index.php?rest_route=\/wp\/v2\/posts"}],"about":[{"href":"https:\/\/efferen.cdu-huerth.de\/index.php?rest_route=\/wp\/v2\/types\/post"}],"author":[{"embeddable":true,"href":"https:\/\/efferen.cdu-huerth.de\/index.php?rest_route=\/wp\/v2\/users\/4"}],"replies":[{"embeddable":true,"href":"https:\/\/efferen.cdu-huerth.de\/index.php?rest_route=%2Fwp%2Fv2%2Fcomments&post=5216"}],"version-history":[{"count":3,"href":"https:\/\/efferen.cdu-huerth.de\/index.php?rest_route=\/wp\/v2\/posts\/5216\/revisions"}],"predecessor-version":[{"id":5236,"href":"https:\/\/efferen.cdu-huerth.de\/index.php?rest_route=\/wp\/v2\/posts\/5216\/revisions\/5236"}],"wp:featuredmedia":[{"embeddable":true,"href":"https:\/\/efferen.cdu-huerth.de\/index.php?rest_route=\/wp\/v2\/media\/5232"}],"wp:attachment":[{"href":"https:\/\/efferen.cdu-huerth.de\/index.php?rest_route=%2Fwp%2Fv2%2Fmedia&parent=5216"}],"wp:term":[{"taxonomy":"category","embeddable":true,"href":"https:\/\/efferen.cdu-huerth.de\/index.php?rest_route=%2Fwp%2Fv2%2Fcategories&post=5216"},{"taxonomy":"post_tag","embeddable":true,"href":"https:\/\/efferen.cdu-huerth.de\/index.php?rest_route=%2Fwp%2Fv2%2Ftags&post=5216"}],"curies":[{"name":"wp","href":"https:\/\/api.w.org\/{rel}","templated":true}]}}