{"id":5238,"date":"2025-12-09T13:23:39","date_gmt":"2025-12-09T12:23:39","guid":{"rendered":"https:\/\/efferen.cdu-huerth.de\/?p=5238"},"modified":"2025-12-09T13:39:42","modified_gmt":"2025-12-09T12:39:42","slug":"mgv-liederkranz-efferen-dokumente-fuer-das-stadtarchive","status":"publish","type":"post","link":"https:\/\/efferen.cdu-huerth.de\/?p=5238","title":{"rendered":"MGV Liederkranz Efferen von 1894 e.V. &#8211; Dokumente f\u00fcr das Stadtarchive"},"content":{"rendered":"<p>Nach dem Abschiedskonzert nun die Suche nach Urkunden, Dokumenten, Fahnen, Standarten, Pokale und Medaillen f\u00fcr das Stadtarchive H\u00fcrth. Kisten wurden gef\u00fcllt mit tollen Erinnerungsst\u00fccken, die nun f\u00fcr die\u00a0 Ewigkeit ins Stadtarchive kommen. Diese k\u00f6nnen zu allen Gelegenheiten ausgeliehen werden, also ein guter Ort f\u00fcr die Geschichte &#8211; MGV Liederkranz!<\/p>\n<p><a href=\"https:\/\/efferen.cdu-huerth.de\/wp-content\/uploads\/2025\/12\/OV-Uebergabe-MGV-Utensilien-an-das-Stadtarchive-13-scaled.jpg\"><img loading=\"lazy\" decoding=\"async\" class=\"alignnone size-medium wp-image-5253\" src=\"https:\/\/efferen.cdu-huerth.de\/wp-content\/uploads\/2025\/12\/OV-Uebergabe-MGV-Utensilien-an-das-Stadtarchive-13-225x300.jpg\" alt=\"\" width=\"225\" height=\"300\" srcset=\"https:\/\/efferen.cdu-huerth.de\/wp-content\/uploads\/2025\/12\/OV-Uebergabe-MGV-Utensilien-an-das-Stadtarchive-13-225x300.jpg 225w, https:\/\/efferen.cdu-huerth.de\/wp-content\/uploads\/2025\/12\/OV-Uebergabe-MGV-Utensilien-an-das-Stadtarchive-13-768x1024.jpg 768w, https:\/\/efferen.cdu-huerth.de\/wp-content\/uploads\/2025\/12\/OV-Uebergabe-MGV-Utensilien-an-das-Stadtarchive-13-1152x1536.jpg 1152w, https:\/\/efferen.cdu-huerth.de\/wp-content\/uploads\/2025\/12\/OV-Uebergabe-MGV-Utensilien-an-das-Stadtarchive-13-1536x2048.jpg 1536w, https:\/\/efferen.cdu-huerth.de\/wp-content\/uploads\/2025\/12\/OV-Uebergabe-MGV-Utensilien-an-das-Stadtarchive-13-750x1000.jpg 750w, https:\/\/efferen.cdu-huerth.de\/wp-content\/uploads\/2025\/12\/OV-Uebergabe-MGV-Utensilien-an-das-Stadtarchive-13-scaled.jpg 1920w\" sizes=\"auto, (max-width: 225px) 100vw, 225px\" \/><\/a> <a href=\"https:\/\/efferen.cdu-huerth.de\/wp-content\/uploads\/2025\/12\/OV-Uebergabe-MGV-Utensilien-an-das-Stadtarchive-12-scaled.jpg\"><img loading=\"lazy\" decoding=\"async\" class=\"alignnone size-medium wp-image-5252\" src=\"https:\/\/efferen.cdu-huerth.de\/wp-content\/uploads\/2025\/12\/OV-Uebergabe-MGV-Utensilien-an-das-Stadtarchive-12-300x225.jpg\" alt=\"\" width=\"300\" height=\"225\" srcset=\"https:\/\/efferen.cdu-huerth.de\/wp-content\/uploads\/2025\/12\/OV-Uebergabe-MGV-Utensilien-an-das-Stadtarchive-12-300x225.jpg 300w, https:\/\/efferen.cdu-huerth.de\/wp-content\/uploads\/2025\/12\/OV-Uebergabe-MGV-Utensilien-an-das-Stadtarchive-12-1024x768.jpg 1024w, https:\/\/efferen.cdu-huerth.de\/wp-content\/uploads\/2025\/12\/OV-Uebergabe-MGV-Utensilien-an-das-Stadtarchive-12-768x576.jpg 768w, https:\/\/efferen.cdu-huerth.de\/wp-content\/uploads\/2025\/12\/OV-Uebergabe-MGV-Utensilien-an-das-Stadtarchive-12-1536x1152.jpg 1536w, https:\/\/efferen.cdu-huerth.de\/wp-content\/uploads\/2025\/12\/OV-Uebergabe-MGV-Utensilien-an-das-Stadtarchive-12-2048x1536.jpg 2048w, https:\/\/efferen.cdu-huerth.de\/wp-content\/uploads\/2025\/12\/OV-Uebergabe-MGV-Utensilien-an-das-Stadtarchive-12-750x563.jpg 750w\" sizes=\"auto, (max-width: 300px) 100vw, 300px\" \/><\/a> <a href=\"https:\/\/efferen.cdu-huerth.de\/wp-content\/uploads\/2025\/12\/OV-Uebergabe-MGV-Utensilien-an-das-Stadtarchive-11-scaled-e1765283736561.jpg\"><img loading=\"lazy\" decoding=\"async\" class=\"alignnone size-medium wp-image-5251\" src=\"https:\/\/efferen.cdu-huerth.de\/wp-content\/uploads\/2025\/12\/OV-Uebergabe-MGV-Utensilien-an-das-Stadtarchive-11-scaled-e1765283736561-300x225.jpg\" alt=\"\" width=\"300\" height=\"225\" srcset=\"https:\/\/efferen.cdu-huerth.de\/wp-content\/uploads\/2025\/12\/OV-Uebergabe-MGV-Utensilien-an-das-Stadtarchive-11-scaled-e1765283736561-300x225.jpg 300w, https:\/\/efferen.cdu-huerth.de\/wp-content\/uploads\/2025\/12\/OV-Uebergabe-MGV-Utensilien-an-das-Stadtarchive-11-scaled-e1765283736561-1024x768.jpg 1024w, https:\/\/efferen.cdu-huerth.de\/wp-content\/uploads\/2025\/12\/OV-Uebergabe-MGV-Utensilien-an-das-Stadtarchive-11-scaled-e1765283736561-768x576.jpg 768w, https:\/\/efferen.cdu-huerth.de\/wp-content\/uploads\/2025\/12\/OV-Uebergabe-MGV-Utensilien-an-das-Stadtarchive-11-scaled-e1765283736561-1536x1152.jpg 1536w, https:\/\/efferen.cdu-huerth.de\/wp-content\/uploads\/2025\/12\/OV-Uebergabe-MGV-Utensilien-an-das-Stadtarchive-11-scaled-e1765283736561-2048x1536.jpg 2048w, https:\/\/efferen.cdu-huerth.de\/wp-content\/uploads\/2025\/12\/OV-Uebergabe-MGV-Utensilien-an-das-Stadtarchive-11-scaled-e1765283736561-750x563.jpg 750w\" sizes=\"auto, (max-width: 300px) 100vw, 300px\" \/><\/a> <a href=\"https:\/\/efferen.cdu-huerth.de\/wp-content\/uploads\/2025\/12\/OV-Uebergabe-MGV-Utensilien-an-das-Stadtarchive-10-scaled.jpg\"><img loading=\"lazy\" decoding=\"async\" class=\"alignnone size-medium wp-image-5250\" src=\"https:\/\/efferen.cdu-huerth.de\/wp-content\/uploads\/2025\/12\/OV-Uebergabe-MGV-Utensilien-an-das-Stadtarchive-10-300x225.jpg\" alt=\"\" width=\"300\" height=\"225\" srcset=\"https:\/\/efferen.cdu-huerth.de\/wp-content\/uploads\/2025\/12\/OV-Uebergabe-MGV-Utensilien-an-das-Stadtarchive-10-300x225.jpg 300w, https:\/\/efferen.cdu-huerth.de\/wp-content\/uploads\/2025\/12\/OV-Uebergabe-MGV-Utensilien-an-das-Stadtarchive-10-1024x768.jpg 1024w, https:\/\/efferen.cdu-huerth.de\/wp-content\/uploads\/2025\/12\/OV-Uebergabe-MGV-Utensilien-an-das-Stadtarchive-10-768x576.jpg 768w, https:\/\/efferen.cdu-huerth.de\/wp-content\/uploads\/2025\/12\/OV-Uebergabe-MGV-Utensilien-an-das-Stadtarchive-10-1536x1152.jpg 1536w, https:\/\/efferen.cdu-huerth.de\/wp-content\/uploads\/2025\/12\/OV-Uebergabe-MGV-Utensilien-an-das-Stadtarchive-10-2048x1536.jpg 2048w, https:\/\/efferen.cdu-huerth.de\/wp-content\/uploads\/2025\/12\/OV-Uebergabe-MGV-Utensilien-an-das-Stadtarchive-10-750x563.jpg 750w\" sizes=\"auto, (max-width: 300px) 100vw, 300px\" \/><\/a> <a href=\"https:\/\/efferen.cdu-huerth.de\/wp-content\/uploads\/2025\/12\/OV-Uebergabe-MGV-Utensilien-an-das-Stadtarchive-9-scaled.jpg\"><img loading=\"lazy\" decoding=\"async\" class=\"alignnone size-medium wp-image-5249\" src=\"https:\/\/efferen.cdu-huerth.de\/wp-content\/uploads\/2025\/12\/OV-Uebergabe-MGV-Utensilien-an-das-Stadtarchive-9-225x300.jpg\" alt=\"\" width=\"225\" height=\"300\" srcset=\"https:\/\/efferen.cdu-huerth.de\/wp-content\/uploads\/2025\/12\/OV-Uebergabe-MGV-Utensilien-an-das-Stadtarchive-9-225x300.jpg 225w, https:\/\/efferen.cdu-huerth.de\/wp-content\/uploads\/2025\/12\/OV-Uebergabe-MGV-Utensilien-an-das-Stadtarchive-9-768x1024.jpg 768w, https:\/\/efferen.cdu-huerth.de\/wp-content\/uploads\/2025\/12\/OV-Uebergabe-MGV-Utensilien-an-das-Stadtarchive-9-1152x1536.jpg 1152w, https:\/\/efferen.cdu-huerth.de\/wp-content\/uploads\/2025\/12\/OV-Uebergabe-MGV-Utensilien-an-das-Stadtarchive-9-1536x2048.jpg 1536w, https:\/\/efferen.cdu-huerth.de\/wp-content\/uploads\/2025\/12\/OV-Uebergabe-MGV-Utensilien-an-das-Stadtarchive-9-750x1000.jpg 750w, https:\/\/efferen.cdu-huerth.de\/wp-content\/uploads\/2025\/12\/OV-Uebergabe-MGV-Utensilien-an-das-Stadtarchive-9-scaled.jpg 1920w\" sizes=\"auto, (max-width: 225px) 100vw, 225px\" \/><\/a> <a href=\"https:\/\/efferen.cdu-huerth.de\/wp-content\/uploads\/2025\/12\/OV-Uebergabe-MGV-Utensilien-an-das-Stadtarchive-8-scaled.jpg\"><img loading=\"lazy\" decoding=\"async\" class=\"alignnone size-medium wp-image-5248\" src=\"https:\/\/efferen.cdu-huerth.de\/wp-content\/uploads\/2025\/12\/OV-Uebergabe-MGV-Utensilien-an-das-Stadtarchive-8-225x300.jpg\" alt=\"\" width=\"225\" height=\"300\" srcset=\"https:\/\/efferen.cdu-huerth.de\/wp-content\/uploads\/2025\/12\/OV-Uebergabe-MGV-Utensilien-an-das-Stadtarchive-8-225x300.jpg 225w, https:\/\/efferen.cdu-huerth.de\/wp-content\/uploads\/2025\/12\/OV-Uebergabe-MGV-Utensilien-an-das-Stadtarchive-8-768x1024.jpg 768w, https:\/\/efferen.cdu-huerth.de\/wp-content\/uploads\/2025\/12\/OV-Uebergabe-MGV-Utensilien-an-das-Stadtarchive-8-1152x1536.jpg 1152w, https:\/\/efferen.cdu-huerth.de\/wp-content\/uploads\/2025\/12\/OV-Uebergabe-MGV-Utensilien-an-das-Stadtarchive-8-1536x2048.jpg 1536w, https:\/\/efferen.cdu-huerth.de\/wp-content\/uploads\/2025\/12\/OV-Uebergabe-MGV-Utensilien-an-das-Stadtarchive-8-750x1000.jpg 750w, https:\/\/efferen.cdu-huerth.de\/wp-content\/uploads\/2025\/12\/OV-Uebergabe-MGV-Utensilien-an-das-Stadtarchive-8-scaled.jpg 1920w\" sizes=\"auto, (max-width: 225px) 100vw, 225px\" \/><\/a> <a href=\"https:\/\/efferen.cdu-huerth.de\/wp-content\/uploads\/2025\/12\/OV-Uebergabe-MGV-Utensilien-an-das-Stadtarchive-7-scaled.jpg\"><img loading=\"lazy\" decoding=\"async\" class=\"alignnone size-medium wp-image-5247\" src=\"https:\/\/efferen.cdu-huerth.de\/wp-content\/uploads\/2025\/12\/OV-Uebergabe-MGV-Utensilien-an-das-Stadtarchive-7-300x225.jpg\" alt=\"\" width=\"300\" height=\"225\" srcset=\"https:\/\/efferen.cdu-huerth.de\/wp-content\/uploads\/2025\/12\/OV-Uebergabe-MGV-Utensilien-an-das-Stadtarchive-7-300x225.jpg 300w, https:\/\/efferen.cdu-huerth.de\/wp-content\/uploads\/2025\/12\/OV-Uebergabe-MGV-Utensilien-an-das-Stadtarchive-7-1024x768.jpg 1024w, https:\/\/efferen.cdu-huerth.de\/wp-content\/uploads\/2025\/12\/OV-Uebergabe-MGV-Utensilien-an-das-Stadtarchive-7-768x576.jpg 768w, https:\/\/efferen.cdu-huerth.de\/wp-content\/uploads\/2025\/12\/OV-Uebergabe-MGV-Utensilien-an-das-Stadtarchive-7-1536x1152.jpg 1536w, https:\/\/efferen.cdu-huerth.de\/wp-content\/uploads\/2025\/12\/OV-Uebergabe-MGV-Utensilien-an-das-Stadtarchive-7-2048x1536.jpg 2048w, https:\/\/efferen.cdu-huerth.de\/wp-content\/uploads\/2025\/12\/OV-Uebergabe-MGV-Utensilien-an-das-Stadtarchive-7-750x563.jpg 750w\" sizes=\"auto, (max-width: 300px) 100vw, 300px\" \/><\/a> <a href=\"https:\/\/efferen.cdu-huerth.de\/wp-content\/uploads\/2025\/12\/OV-Uebergabe-MGV-Utensilien-an-das-Stadtarchive-6-scaled.jpg\"><img loading=\"lazy\" decoding=\"async\" class=\"alignnone size-medium wp-image-5246\" src=\"https:\/\/efferen.cdu-huerth.de\/wp-content\/uploads\/2025\/12\/OV-Uebergabe-MGV-Utensilien-an-das-Stadtarchive-6-225x300.jpg\" alt=\"\" width=\"225\" height=\"300\" srcset=\"https:\/\/efferen.cdu-huerth.de\/wp-content\/uploads\/2025\/12\/OV-Uebergabe-MGV-Utensilien-an-das-Stadtarchive-6-225x300.jpg 225w, https:\/\/efferen.cdu-huerth.de\/wp-content\/uploads\/2025\/12\/OV-Uebergabe-MGV-Utensilien-an-das-Stadtarchive-6-768x1024.jpg 768w, https:\/\/efferen.cdu-huerth.de\/wp-content\/uploads\/2025\/12\/OV-Uebergabe-MGV-Utensilien-an-das-Stadtarchive-6-1152x1536.jpg 1152w, https:\/\/efferen.cdu-huerth.de\/wp-content\/uploads\/2025\/12\/OV-Uebergabe-MGV-Utensilien-an-das-Stadtarchive-6-1536x2048.jpg 1536w, https:\/\/efferen.cdu-huerth.de\/wp-content\/uploads\/2025\/12\/OV-Uebergabe-MGV-Utensilien-an-das-Stadtarchive-6-750x1000.jpg 750w, https:\/\/efferen.cdu-huerth.de\/wp-content\/uploads\/2025\/12\/OV-Uebergabe-MGV-Utensilien-an-das-Stadtarchive-6-scaled.jpg 1920w\" sizes=\"auto, (max-width: 225px) 100vw, 225px\" \/><\/a> <a href=\"https:\/\/efferen.cdu-huerth.de\/wp-content\/uploads\/2025\/12\/OV-Uebergabe-MGV-Utensilien-an-das-Stadtarchive-5-scaled.jpg\"><img loading=\"lazy\" decoding=\"async\" class=\"alignnone size-medium wp-image-5245\" src=\"https:\/\/efferen.cdu-huerth.de\/wp-content\/uploads\/2025\/12\/OV-Uebergabe-MGV-Utensilien-an-das-Stadtarchive-5-225x300.jpg\" alt=\"\" width=\"225\" height=\"300\" srcset=\"https:\/\/efferen.cdu-huerth.de\/wp-content\/uploads\/2025\/12\/OV-Uebergabe-MGV-Utensilien-an-das-Stadtarchive-5-225x300.jpg 225w, https:\/\/efferen.cdu-huerth.de\/wp-content\/uploads\/2025\/12\/OV-Uebergabe-MGV-Utensilien-an-das-Stadtarchive-5-768x1024.jpg 768w, https:\/\/efferen.cdu-huerth.de\/wp-content\/uploads\/2025\/12\/OV-Uebergabe-MGV-Utensilien-an-das-Stadtarchive-5-1152x1536.jpg 1152w, https:\/\/efferen.cdu-huerth.de\/wp-content\/uploads\/2025\/12\/OV-Uebergabe-MGV-Utensilien-an-das-Stadtarchive-5-1536x2048.jpg 1536w, https:\/\/efferen.cdu-huerth.de\/wp-content\/uploads\/2025\/12\/OV-Uebergabe-MGV-Utensilien-an-das-Stadtarchive-5-750x1000.jpg 750w, https:\/\/efferen.cdu-huerth.de\/wp-content\/uploads\/2025\/12\/OV-Uebergabe-MGV-Utensilien-an-das-Stadtarchive-5-scaled.jpg 1920w\" sizes=\"auto, (max-width: 225px) 100vw, 225px\" \/><\/a> <a href=\"https:\/\/efferen.cdu-huerth.de\/wp-content\/uploads\/2025\/12\/OV-Uebergabe-MGV-Utensilien-an-das-Stadtarchive-4-scaled.jpg\"><img loading=\"lazy\" decoding=\"async\" class=\"alignnone size-medium wp-image-5244\" src=\"https:\/\/efferen.cdu-huerth.de\/wp-content\/uploads\/2025\/12\/OV-Uebergabe-MGV-Utensilien-an-das-Stadtarchive-4-300x225.jpg\" alt=\"\" width=\"300\" height=\"225\" srcset=\"https:\/\/efferen.cdu-huerth.de\/wp-content\/uploads\/2025\/12\/OV-Uebergabe-MGV-Utensilien-an-das-Stadtarchive-4-300x225.jpg 300w, https:\/\/efferen.cdu-huerth.de\/wp-content\/uploads\/2025\/12\/OV-Uebergabe-MGV-Utensilien-an-das-Stadtarchive-4-1024x768.jpg 1024w, https:\/\/efferen.cdu-huerth.de\/wp-content\/uploads\/2025\/12\/OV-Uebergabe-MGV-Utensilien-an-das-Stadtarchive-4-768x576.jpg 768w, https:\/\/efferen.cdu-huerth.de\/wp-content\/uploads\/2025\/12\/OV-Uebergabe-MGV-Utensilien-an-das-Stadtarchive-4-1536x1152.jpg 1536w, https:\/\/efferen.cdu-huerth.de\/wp-content\/uploads\/2025\/12\/OV-Uebergabe-MGV-Utensilien-an-das-Stadtarchive-4-2048x1536.jpg 2048w, https:\/\/efferen.cdu-huerth.de\/wp-content\/uploads\/2025\/12\/OV-Uebergabe-MGV-Utensilien-an-das-Stadtarchive-4-750x563.jpg 750w\" sizes=\"auto, (max-width: 300px) 100vw, 300px\" \/><\/a> <a href=\"https:\/\/efferen.cdu-huerth.de\/wp-content\/uploads\/2025\/12\/OV-Uebergabe-MGV-Utensilien-an-das-Stadtarchive-3-scaled.jpg\"><img loading=\"lazy\" decoding=\"async\" class=\"alignnone size-medium wp-image-5243\" src=\"https:\/\/efferen.cdu-huerth.de\/wp-content\/uploads\/2025\/12\/OV-Uebergabe-MGV-Utensilien-an-das-Stadtarchive-3-225x300.jpg\" alt=\"\" width=\"225\" height=\"300\" srcset=\"https:\/\/efferen.cdu-huerth.de\/wp-content\/uploads\/2025\/12\/OV-Uebergabe-MGV-Utensilien-an-das-Stadtarchive-3-225x300.jpg 225w, https:\/\/efferen.cdu-huerth.de\/wp-content\/uploads\/2025\/12\/OV-Uebergabe-MGV-Utensilien-an-das-Stadtarchive-3-768x1024.jpg 768w, https:\/\/efferen.cdu-huerth.de\/wp-content\/uploads\/2025\/12\/OV-Uebergabe-MGV-Utensilien-an-das-Stadtarchive-3-1152x1536.jpg 1152w, https:\/\/efferen.cdu-huerth.de\/wp-content\/uploads\/2025\/12\/OV-Uebergabe-MGV-Utensilien-an-das-Stadtarchive-3-1536x2048.jpg 1536w, https:\/\/efferen.cdu-huerth.de\/wp-content\/uploads\/2025\/12\/OV-Uebergabe-MGV-Utensilien-an-das-Stadtarchive-3-750x1000.jpg 750w, https:\/\/efferen.cdu-huerth.de\/wp-content\/uploads\/2025\/12\/OV-Uebergabe-MGV-Utensilien-an-das-Stadtarchive-3-scaled.jpg 1920w\" sizes=\"auto, (max-width: 225px) 100vw, 225px\" \/><\/a> <a href=\"https:\/\/efferen.cdu-huerth.de\/wp-content\/uploads\/2025\/12\/OV-Uebergabe-MGV-Utensilien-an-das-Stadtarchive-2-scaled-e1765283756824.jpg\"><img loading=\"lazy\" decoding=\"async\" class=\"alignnone size-medium wp-image-5242\" src=\"https:\/\/efferen.cdu-huerth.de\/wp-content\/uploads\/2025\/12\/OV-Uebergabe-MGV-Utensilien-an-das-Stadtarchive-2-scaled-e1765283756824-225x300.jpg\" alt=\"\" width=\"225\" height=\"300\" srcset=\"https:\/\/efferen.cdu-huerth.de\/wp-content\/uploads\/2025\/12\/OV-Uebergabe-MGV-Utensilien-an-das-Stadtarchive-2-scaled-e1765283756824-225x300.jpg 225w, https:\/\/efferen.cdu-huerth.de\/wp-content\/uploads\/2025\/12\/OV-Uebergabe-MGV-Utensilien-an-das-Stadtarchive-2-scaled-e1765283756824-768x1024.jpg 768w, https:\/\/efferen.cdu-huerth.de\/wp-content\/uploads\/2025\/12\/OV-Uebergabe-MGV-Utensilien-an-das-Stadtarchive-2-scaled-e1765283756824-1152x1536.jpg 1152w, https:\/\/efferen.cdu-huerth.de\/wp-content\/uploads\/2025\/12\/OV-Uebergabe-MGV-Utensilien-an-das-Stadtarchive-2-scaled-e1765283756824-1536x2048.jpg 1536w, https:\/\/efferen.cdu-huerth.de\/wp-content\/uploads\/2025\/12\/OV-Uebergabe-MGV-Utensilien-an-das-Stadtarchive-2-scaled-e1765283756824-750x1000.jpg 750w, https:\/\/efferen.cdu-huerth.de\/wp-content\/uploads\/2025\/12\/OV-Uebergabe-MGV-Utensilien-an-das-Stadtarchive-2-scaled-e1765283756824.jpg 1920w\" sizes=\"auto, (max-width: 225px) 100vw, 225px\" \/><\/a> <a href=\"https:\/\/efferen.cdu-huerth.de\/wp-content\/uploads\/2025\/12\/OV-Uebergabe-MGV-Utensilien-an-das-Stadtarchive-1-scaled.jpg\"><img loading=\"lazy\" decoding=\"async\" class=\"alignnone size-medium wp-image-5241\" src=\"https:\/\/efferen.cdu-huerth.de\/wp-content\/uploads\/2025\/12\/OV-Uebergabe-MGV-Utensilien-an-das-Stadtarchive-1-225x300.jpg\" alt=\"\" width=\"225\" height=\"300\" srcset=\"https:\/\/efferen.cdu-huerth.de\/wp-content\/uploads\/2025\/12\/OV-Uebergabe-MGV-Utensilien-an-das-Stadtarchive-1-225x300.jpg 225w, https:\/\/efferen.cdu-huerth.de\/wp-content\/uploads\/2025\/12\/OV-Uebergabe-MGV-Utensilien-an-das-Stadtarchive-1-768x1024.jpg 768w, https:\/\/efferen.cdu-huerth.de\/wp-content\/uploads\/2025\/12\/OV-Uebergabe-MGV-Utensilien-an-das-Stadtarchive-1-1152x1536.jpg 1152w, https:\/\/efferen.cdu-huerth.de\/wp-content\/uploads\/2025\/12\/OV-Uebergabe-MGV-Utensilien-an-das-Stadtarchive-1-1536x2048.jpg 1536w, https:\/\/efferen.cdu-huerth.de\/wp-content\/uploads\/2025\/12\/OV-Uebergabe-MGV-Utensilien-an-das-Stadtarchive-1-750x1000.jpg 750w, https:\/\/efferen.cdu-huerth.de\/wp-content\/uploads\/2025\/12\/OV-Uebergabe-MGV-Utensilien-an-das-Stadtarchive-1-scaled.jpg 1920w\" sizes=\"auto, (max-width: 225px) 100vw, 225px\" \/><\/a><\/p>\n<p>&nbsp;<\/p>\n","protected":false},"excerpt":{"rendered":"<p>Nach dem Abschiedskonzert nun die Suche nach Urkunden, Dokumenten, Fahnen, Standarten, Pokale und Medaillen f\u00fcr das Stadtarchive H\u00fcrth. Kisten wurden gef\u00fcllt mit tollen Erinnerungsst\u00fccken, die nun f\u00fcr die\u00a0 Ewigkeit ins Stadtarchive kommen. Diese k\u00f6nnen zu allen Gelegenheiten ausgeliehen werden, also ein guter Ort f\u00fcr die Geschichte &#8211; MGV Liederkranz! &nbsp;<\/p>\n","protected":false},"author":4,"featured_media":5247,"comment_status":"open","ping_status":"open","sticky":false,"template":"","format":"standard","meta":{"ngg_post_thumbnail":0,"footnotes":"","_links_to":"","_links_to_target":""},"categories":[17],"tags":[],"class_list":["post-5238","post","type-post","status-publish","format-standard","has-post-thumbnail","hentry","category-ortsvorsteher","item-wrap"],"_links":{"self":[{"href":"https:\/\/efferen.cdu-huerth.de\/index.php?rest_route=\/wp\/v2\/posts\/5238","targetHints":{"allow":["GET"]}}],"collection":[{"href":"https:\/\/efferen.cdu-huerth.de\/index.php?rest_route=\/wp\/v2\/posts"}],"about":[{"href":"https:\/\/efferen.cdu-huerth.de\/index.php?rest_route=\/wp\/v2\/types\/post"}],"author":[{"embeddable":true,"href":"https:\/\/efferen.cdu-huerth.de\/index.php?rest_route=\/wp\/v2\/users\/4"}],"replies":[{"embeddable":true,"href":"https:\/\/efferen.cdu-huerth.de\/index.php?rest_route=%2Fwp%2Fv2%2Fcomments&post=5238"}],"version-history":[{"count":6,"href":"https:\/\/efferen.cdu-huerth.de\/index.php?rest_route=\/wp\/v2\/posts\/5238\/revisions"}],"predecessor-version":[{"id":5257,"href":"https:\/\/efferen.cdu-huerth.de\/index.php?rest_route=\/wp\/v2\/posts\/5238\/revisions\/5257"}],"wp:featuredmedia":[{"embeddable":true,"href":"https:\/\/efferen.cdu-huerth.de\/index.php?rest_route=\/wp\/v2\/media\/5247"}],"wp:attachment":[{"href":"https:\/\/efferen.cdu-huerth.de\/index.php?rest_route=%2Fwp%2Fv2%2Fmedia&parent=5238"}],"wp:term":[{"taxonomy":"category","embeddable":true,"href":"https:\/\/efferen.cdu-huerth.de\/index.php?rest_route=%2Fwp%2Fv2%2Fcategories&post=5238"},{"taxonomy":"post_tag","embeddable":true,"href":"https:\/\/efferen.cdu-huerth.de\/index.php?rest_route=%2Fwp%2Fv2%2Ftags&post=5238"}],"curies":[{"name":"wp","href":"https:\/\/api.w.org\/{rel}","templated":true}]}}