{"id":5260,"date":"2025-12-09T16:11:47","date_gmt":"2025-12-09T15:11:47","guid":{"rendered":"https:\/\/efferen.cdu-huerth.de\/?p=5260"},"modified":"2025-12-09T16:12:53","modified_gmt":"2025-12-09T15:12:53","slug":"1-adventskaffee-im-quartier-am-gruenguertel","status":"publish","type":"post","link":"https:\/\/efferen.cdu-huerth.de\/?p=5260","title":{"rendered":"1. Adventskaffee im Quartier am Gr\u00fcng\u00fcrtel"},"content":{"rendered":"<div dir=\"ltr\">Erstes adventliches Treffen am\u00a0 erleuchteten Weihnachtsbaum im neuen Quartier am Gr\u00fcng\u00fcrtel. Die ersten Bewohner im Quartier haben ihre Wohnungen bezogen, nun war es soweit sich bei weihnachtlicher Stimmung\u00a0 am Weihnachtsbaum, bei Gl\u00fchwein und Pl\u00e4tzchen, kennenzulernen. Viele Bewohner kamen zusammen um sich auszutauschen. Der Ortsvorsteher und Vorsitzender des F\u00f6rderverein Efferen e.V. Thomas Blank besuchte auf Einladung die Veranstaltung und erz\u00e4hlte etwas \u00fcber Efferen und die M\u00f6glichkeiten sich in verschiedenen Vereinen zu arrangieren. Von der Musikschule bis zu beiden Kirchen ist alles m\u00f6glich. Die Bewohner f\u00fchlen sich im Quartier gut aufgehoben auch wenn der letzte Baum noch nicht gepflanzt wurde. Eine Bereicherung f\u00fcr den Stadtteil Efferen und der Stadt H\u00fcrth!<\/div>\n<div dir=\"ltr\"><a href=\"https:\/\/efferen.cdu-huerth.de\/wp-content\/uploads\/2025\/12\/OV-2025-Weihnachtstreffen-im-Quartier-2-scaled.jpeg\"><img loading=\"lazy\" decoding=\"async\" class=\"alignnone size-medium wp-image-5261\" src=\"https:\/\/efferen.cdu-huerth.de\/wp-content\/uploads\/2025\/12\/OV-2025-Weihnachtstreffen-im-Quartier-2-225x300.jpeg\" alt=\"\" width=\"225\" height=\"300\" srcset=\"https:\/\/efferen.cdu-huerth.de\/wp-content\/uploads\/2025\/12\/OV-2025-Weihnachtstreffen-im-Quartier-2-225x300.jpeg 225w, https:\/\/efferen.cdu-huerth.de\/wp-content\/uploads\/2025\/12\/OV-2025-Weihnachtstreffen-im-Quartier-2-768x1024.jpeg 768w, https:\/\/efferen.cdu-huerth.de\/wp-content\/uploads\/2025\/12\/OV-2025-Weihnachtstreffen-im-Quartier-2-1152x1536.jpeg 1152w, https:\/\/efferen.cdu-huerth.de\/wp-content\/uploads\/2025\/12\/OV-2025-Weihnachtstreffen-im-Quartier-2-1536x2048.jpeg 1536w, https:\/\/efferen.cdu-huerth.de\/wp-content\/uploads\/2025\/12\/OV-2025-Weihnachtstreffen-im-Quartier-2-750x1000.jpeg 750w, https:\/\/efferen.cdu-huerth.de\/wp-content\/uploads\/2025\/12\/OV-2025-Weihnachtstreffen-im-Quartier-2-scaled.jpeg 1920w\" sizes=\"auto, (max-width: 225px) 100vw, 225px\" \/><\/a> <a href=\"https:\/\/efferen.cdu-huerth.de\/wp-content\/uploads\/2025\/12\/OV-2025-Weihnachtstreffen-im-Quartier-scaled.jpeg\"><img loading=\"lazy\" decoding=\"async\" class=\"alignnone size-medium wp-image-5262\" src=\"https:\/\/efferen.cdu-huerth.de\/wp-content\/uploads\/2025\/12\/OV-2025-Weihnachtstreffen-im-Quartier-225x300.jpeg\" alt=\"\" width=\"225\" height=\"300\" srcset=\"https:\/\/efferen.cdu-huerth.de\/wp-content\/uploads\/2025\/12\/OV-2025-Weihnachtstreffen-im-Quartier-225x300.jpeg 225w, https:\/\/efferen.cdu-huerth.de\/wp-content\/uploads\/2025\/12\/OV-2025-Weihnachtstreffen-im-Quartier-768x1024.jpeg 768w, https:\/\/efferen.cdu-huerth.de\/wp-content\/uploads\/2025\/12\/OV-2025-Weihnachtstreffen-im-Quartier-1152x1536.jpeg 1152w, https:\/\/efferen.cdu-huerth.de\/wp-content\/uploads\/2025\/12\/OV-2025-Weihnachtstreffen-im-Quartier-1536x2048.jpeg 1536w, https:\/\/efferen.cdu-huerth.de\/wp-content\/uploads\/2025\/12\/OV-2025-Weihnachtstreffen-im-Quartier-750x1000.jpeg 750w, https:\/\/efferen.cdu-huerth.de\/wp-content\/uploads\/2025\/12\/OV-2025-Weihnachtstreffen-im-Quartier-scaled.jpeg 1920w\" sizes=\"auto, (max-width: 225px) 100vw, 225px\" \/><\/a><\/div>\n","protected":false},"excerpt":{"rendered":"<p>Erstes adventliches Treffen am\u00a0 erleuchteten Weihnachtsbaum im neuen Quartier am Gr\u00fcng\u00fcrtel. Die ersten Bewohner im Quartier haben ihre Wohnungen bezogen, nun war es soweit sich bei weihnachtlicher Stimmung\u00a0 am Weihnachtsbaum, bei Gl\u00fchwein und Pl\u00e4tzchen, kennenzulernen. Viele Bewohner kamen zusammen um sich auszutauschen. Der Ortsvorsteher und Vorsitzender des F\u00f6rderverein Efferen e.V. Thomas Blank besuchte auf Einladung &hellip; <\/p>\n<p><a class=\"more-link btn\" href=\"https:\/\/efferen.cdu-huerth.de\/?p=5260\">Weiterlesen<\/a><\/p>\n","protected":false},"author":4,"featured_media":5262,"comment_status":"open","ping_status":"open","sticky":false,"template":"","format":"standard","meta":{"ngg_post_thumbnail":0,"footnotes":"","_links_to":"","_links_to_target":""},"categories":[17],"tags":[],"class_list":["post-5260","post","type-post","status-publish","format-standard","has-post-thumbnail","hentry","category-ortsvorsteher","item-wrap"],"_links":{"self":[{"href":"https:\/\/efferen.cdu-huerth.de\/index.php?rest_route=\/wp\/v2\/posts\/5260","targetHints":{"allow":["GET"]}}],"collection":[{"href":"https:\/\/efferen.cdu-huerth.de\/index.php?rest_route=\/wp\/v2\/posts"}],"about":[{"href":"https:\/\/efferen.cdu-huerth.de\/index.php?rest_route=\/wp\/v2\/types\/post"}],"author":[{"embeddable":true,"href":"https:\/\/efferen.cdu-huerth.de\/index.php?rest_route=\/wp\/v2\/users\/4"}],"replies":[{"embeddable":true,"href":"https:\/\/efferen.cdu-huerth.de\/index.php?rest_route=%2Fwp%2Fv2%2Fcomments&post=5260"}],"version-history":[{"count":3,"href":"https:\/\/efferen.cdu-huerth.de\/index.php?rest_route=\/wp\/v2\/posts\/5260\/revisions"}],"predecessor-version":[{"id":5265,"href":"https:\/\/efferen.cdu-huerth.de\/index.php?rest_route=\/wp\/v2\/posts\/5260\/revisions\/5265"}],"wp:featuredmedia":[{"embeddable":true,"href":"https:\/\/efferen.cdu-huerth.de\/index.php?rest_route=\/wp\/v2\/media\/5262"}],"wp:attachment":[{"href":"https:\/\/efferen.cdu-huerth.de\/index.php?rest_route=%2Fwp%2Fv2%2Fmedia&parent=5260"}],"wp:term":[{"taxonomy":"category","embeddable":true,"href":"https:\/\/efferen.cdu-huerth.de\/index.php?rest_route=%2Fwp%2Fv2%2Fcategories&post=5260"},{"taxonomy":"post_tag","embeddable":true,"href":"https:\/\/efferen.cdu-huerth.de\/index.php?rest_route=%2Fwp%2Fv2%2Ftags&post=5260"}],"curies":[{"name":"wp","href":"https:\/\/api.w.org\/{rel}","templated":true}]}}