{"id":5268,"date":"2026-01-14T14:01:23","date_gmt":"2026-01-14T13:01:23","guid":{"rendered":"https:\/\/efferen.cdu-huerth.de\/?p=5268"},"modified":"2026-01-14T14:01:23","modified_gmt":"2026-01-14T13:01:23","slug":"sternsinger-zum-besuch-beim-buergermeister-dirk-breiuer","status":"publish","type":"post","link":"https:\/\/efferen.cdu-huerth.de\/?p=5268","title":{"rendered":"Sternsinger zum Besuch beim B\u00fcrgermeister Dirk Breiuer"},"content":{"rendered":"<p>Aus vielen Stadtteilen sind Sie gekommen, die Sternsinger, um den Segen ins Rathaus zubringen. Wigbert Spinrath studierte die Lieder und Texte mit den Sternsinger ein und Michael Schuhmacher von der Musikschule H\u00fcrth begleitete musikalisch die Zeremonie! B\u00fcrgermeister Dirk Breuer bedankte sich bei allen Sternsinger und den G\u00e4sten. Ortsvorsteher und Parteivorsitzende nahmen Teil und spendeten f\u00fcr den guten Zweck!<\/p>\n<p><a href=\"https:\/\/efferen.cdu-huerth.de\/wp-content\/uploads\/2026\/01\/OV-2026-Sternsinger-2-scaled.jpg\"><img loading=\"lazy\" decoding=\"async\" class=\"alignnone size-medium wp-image-5269\" src=\"https:\/\/efferen.cdu-huerth.de\/wp-content\/uploads\/2026\/01\/OV-2026-Sternsinger-2-225x300.jpg\" alt=\"\" width=\"225\" height=\"300\" srcset=\"https:\/\/efferen.cdu-huerth.de\/wp-content\/uploads\/2026\/01\/OV-2026-Sternsinger-2-225x300.jpg 225w, https:\/\/efferen.cdu-huerth.de\/wp-content\/uploads\/2026\/01\/OV-2026-Sternsinger-2-768x1024.jpg 768w, https:\/\/efferen.cdu-huerth.de\/wp-content\/uploads\/2026\/01\/OV-2026-Sternsinger-2-1152x1536.jpg 1152w, https:\/\/efferen.cdu-huerth.de\/wp-content\/uploads\/2026\/01\/OV-2026-Sternsinger-2-1536x2048.jpg 1536w, https:\/\/efferen.cdu-huerth.de\/wp-content\/uploads\/2026\/01\/OV-2026-Sternsinger-2-750x1000.jpg 750w, https:\/\/efferen.cdu-huerth.de\/wp-content\/uploads\/2026\/01\/OV-2026-Sternsinger-2-scaled.jpg 1920w\" sizes=\"auto, (max-width: 225px) 100vw, 225px\" \/><\/a> <a href=\"https:\/\/efferen.cdu-huerth.de\/wp-content\/uploads\/2026\/01\/OV-2026-Sternsinger-3-scaled.jpg\"><img loading=\"lazy\" decoding=\"async\" class=\"alignnone size-medium wp-image-5270\" src=\"https:\/\/efferen.cdu-huerth.de\/wp-content\/uploads\/2026\/01\/OV-2026-Sternsinger-3-300x225.jpg\" alt=\"\" width=\"300\" height=\"225\" srcset=\"https:\/\/efferen.cdu-huerth.de\/wp-content\/uploads\/2026\/01\/OV-2026-Sternsinger-3-300x225.jpg 300w, https:\/\/efferen.cdu-huerth.de\/wp-content\/uploads\/2026\/01\/OV-2026-Sternsinger-3-1024x768.jpg 1024w, https:\/\/efferen.cdu-huerth.de\/wp-content\/uploads\/2026\/01\/OV-2026-Sternsinger-3-768x576.jpg 768w, https:\/\/efferen.cdu-huerth.de\/wp-content\/uploads\/2026\/01\/OV-2026-Sternsinger-3-1536x1152.jpg 1536w, https:\/\/efferen.cdu-huerth.de\/wp-content\/uploads\/2026\/01\/OV-2026-Sternsinger-3-2048x1536.jpg 2048w, https:\/\/efferen.cdu-huerth.de\/wp-content\/uploads\/2026\/01\/OV-2026-Sternsinger-3-750x563.jpg 750w\" sizes=\"auto, (max-width: 300px) 100vw, 300px\" \/><\/a> <a href=\"https:\/\/efferen.cdu-huerth.de\/wp-content\/uploads\/2026\/01\/OV-2026-Sternsinger-4-scaled.jpg\"><img loading=\"lazy\" decoding=\"async\" class=\"alignnone size-medium wp-image-5271\" src=\"https:\/\/efferen.cdu-huerth.de\/wp-content\/uploads\/2026\/01\/OV-2026-Sternsinger-4-300x225.jpg\" alt=\"\" width=\"300\" height=\"225\" srcset=\"https:\/\/efferen.cdu-huerth.de\/wp-content\/uploads\/2026\/01\/OV-2026-Sternsinger-4-300x225.jpg 300w, https:\/\/efferen.cdu-huerth.de\/wp-content\/uploads\/2026\/01\/OV-2026-Sternsinger-4-1024x768.jpg 1024w, https:\/\/efferen.cdu-huerth.de\/wp-content\/uploads\/2026\/01\/OV-2026-Sternsinger-4-768x576.jpg 768w, https:\/\/efferen.cdu-huerth.de\/wp-content\/uploads\/2026\/01\/OV-2026-Sternsinger-4-1536x1152.jpg 1536w, https:\/\/efferen.cdu-huerth.de\/wp-content\/uploads\/2026\/01\/OV-2026-Sternsinger-4-2048x1536.jpg 2048w, https:\/\/efferen.cdu-huerth.de\/wp-content\/uploads\/2026\/01\/OV-2026-Sternsinger-4-750x563.jpg 750w\" sizes=\"auto, (max-width: 300px) 100vw, 300px\" \/><\/a> <a href=\"https:\/\/efferen.cdu-huerth.de\/wp-content\/uploads\/2026\/01\/OV-2026-Sternsinger-5-scaled.jpg\"><img loading=\"lazy\" decoding=\"async\" class=\"alignnone size-medium wp-image-5272\" src=\"https:\/\/efferen.cdu-huerth.de\/wp-content\/uploads\/2026\/01\/OV-2026-Sternsinger-5-300x225.jpg\" alt=\"\" width=\"300\" height=\"225\" srcset=\"https:\/\/efferen.cdu-huerth.de\/wp-content\/uploads\/2026\/01\/OV-2026-Sternsinger-5-300x225.jpg 300w, https:\/\/efferen.cdu-huerth.de\/wp-content\/uploads\/2026\/01\/OV-2026-Sternsinger-5-1024x768.jpg 1024w, https:\/\/efferen.cdu-huerth.de\/wp-content\/uploads\/2026\/01\/OV-2026-Sternsinger-5-768x576.jpg 768w, https:\/\/efferen.cdu-huerth.de\/wp-content\/uploads\/2026\/01\/OV-2026-Sternsinger-5-1536x1152.jpg 1536w, https:\/\/efferen.cdu-huerth.de\/wp-content\/uploads\/2026\/01\/OV-2026-Sternsinger-5-2048x1536.jpg 2048w, https:\/\/efferen.cdu-huerth.de\/wp-content\/uploads\/2026\/01\/OV-2026-Sternsinger-5-750x563.jpg 750w\" sizes=\"auto, (max-width: 300px) 100vw, 300px\" \/><\/a> <a href=\"https:\/\/efferen.cdu-huerth.de\/wp-content\/uploads\/2026\/01\/OV-2026-Sternsinger-scaled.jpg\"><img loading=\"lazy\" decoding=\"async\" class=\"alignnone size-medium wp-image-5273\" src=\"https:\/\/efferen.cdu-huerth.de\/wp-content\/uploads\/2026\/01\/OV-2026-Sternsinger-225x300.jpg\" alt=\"\" width=\"225\" height=\"300\" srcset=\"https:\/\/efferen.cdu-huerth.de\/wp-content\/uploads\/2026\/01\/OV-2026-Sternsinger-225x300.jpg 225w, https:\/\/efferen.cdu-huerth.de\/wp-content\/uploads\/2026\/01\/OV-2026-Sternsinger-768x1024.jpg 768w, https:\/\/efferen.cdu-huerth.de\/wp-content\/uploads\/2026\/01\/OV-2026-Sternsinger-1152x1536.jpg 1152w, https:\/\/efferen.cdu-huerth.de\/wp-content\/uploads\/2026\/01\/OV-2026-Sternsinger-1536x2048.jpg 1536w, https:\/\/efferen.cdu-huerth.de\/wp-content\/uploads\/2026\/01\/OV-2026-Sternsinger-750x1000.jpg 750w, https:\/\/efferen.cdu-huerth.de\/wp-content\/uploads\/2026\/01\/OV-2026-Sternsinger-scaled.jpg 1920w\" sizes=\"auto, (max-width: 225px) 100vw, 225px\" \/><\/a><\/p>\n","protected":false},"excerpt":{"rendered":"<p>Aus vielen Stadtteilen sind Sie gekommen, die Sternsinger, um den Segen ins Rathaus zubringen. Wigbert Spinrath studierte die Lieder und Texte mit den Sternsinger ein und Michael Schuhmacher von der Musikschule H\u00fcrth begleitete musikalisch die Zeremonie! B\u00fcrgermeister Dirk Breuer bedankte sich bei allen Sternsinger und den G\u00e4sten. Ortsvorsteher und Parteivorsitzende nahmen Teil und spendeten f\u00fcr &hellip; <\/p>\n<p><a class=\"more-link btn\" href=\"https:\/\/efferen.cdu-huerth.de\/?p=5268\">Weiterlesen<\/a><\/p>\n","protected":false},"author":4,"featured_media":5271,"comment_status":"open","ping_status":"open","sticky":false,"template":"","format":"standard","meta":{"ngg_post_thumbnail":0,"footnotes":"","_links_to":"","_links_to_target":""},"categories":[17],"tags":[],"class_list":["post-5268","post","type-post","status-publish","format-standard","has-post-thumbnail","hentry","category-ortsvorsteher","item-wrap"],"_links":{"self":[{"href":"https:\/\/efferen.cdu-huerth.de\/index.php?rest_route=\/wp\/v2\/posts\/5268","targetHints":{"allow":["GET"]}}],"collection":[{"href":"https:\/\/efferen.cdu-huerth.de\/index.php?rest_route=\/wp\/v2\/posts"}],"about":[{"href":"https:\/\/efferen.cdu-huerth.de\/index.php?rest_route=\/wp\/v2\/types\/post"}],"author":[{"embeddable":true,"href":"https:\/\/efferen.cdu-huerth.de\/index.php?rest_route=\/wp\/v2\/users\/4"}],"replies":[{"embeddable":true,"href":"https:\/\/efferen.cdu-huerth.de\/index.php?rest_route=%2Fwp%2Fv2%2Fcomments&post=5268"}],"version-history":[{"count":1,"href":"https:\/\/efferen.cdu-huerth.de\/index.php?rest_route=\/wp\/v2\/posts\/5268\/revisions"}],"predecessor-version":[{"id":5274,"href":"https:\/\/efferen.cdu-huerth.de\/index.php?rest_route=\/wp\/v2\/posts\/5268\/revisions\/5274"}],"wp:featuredmedia":[{"embeddable":true,"href":"https:\/\/efferen.cdu-huerth.de\/index.php?rest_route=\/wp\/v2\/media\/5271"}],"wp:attachment":[{"href":"https:\/\/efferen.cdu-huerth.de\/index.php?rest_route=%2Fwp%2Fv2%2Fmedia&parent=5268"}],"wp:term":[{"taxonomy":"category","embeddable":true,"href":"https:\/\/efferen.cdu-huerth.de\/index.php?rest_route=%2Fwp%2Fv2%2Fcategories&post=5268"},{"taxonomy":"post_tag","embeddable":true,"href":"https:\/\/efferen.cdu-huerth.de\/index.php?rest_route=%2Fwp%2Fv2%2Ftags&post=5268"}],"curies":[{"name":"wp","href":"https:\/\/api.w.org\/{rel}","templated":true}]}}