{"id":5275,"date":"2026-01-14T14:08:07","date_gmt":"2026-01-14T13:08:07","guid":{"rendered":"https:\/\/efferen.cdu-huerth.de\/?p=5275"},"modified":"2026-01-14T14:38:01","modified_gmt":"2026-01-14T13:38:01","slug":"prinz-fabian-i-proklamiert","status":"publish","type":"post","link":"https:\/\/efferen.cdu-huerth.de\/?p=5275","title":{"rendered":"Prinz Fabian I proklamiert!"},"content":{"rendered":"<p>Hochstimmung im Sch\u00fctzenheim der St. Hubertus Sch\u00fctzenbruderschaft, Prinz Fabian I wurde von der Ortsgemeinschaft Efferen proklamiert. Mit einem runden Rahmenprogramm wurde kr\u00e4ftig gefeiert und so wurde geschunkelt und gesungen bis in die Morgenstunden. B\u00fcrgermeister richtete eine karnevalistische Rede an Publikum und Ortsvorsteher Thomas Blank \u00fcberreichte den Stadtschl\u00fcssel zum Zeichen der karnevalistischen Macht!<\/p>\n<p><a href=\"https:\/\/efferen.cdu-huerth.de\/wp-content\/uploads\/2026\/01\/OV-Prinz-Fabian-Prinzenproklamation-2-scaled.jpg\"><img loading=\"lazy\" decoding=\"async\" class=\"alignnone size-medium wp-image-5276\" src=\"https:\/\/efferen.cdu-huerth.de\/wp-content\/uploads\/2026\/01\/OV-Prinz-Fabian-Prinzenproklamation-2-225x300.jpg\" alt=\"\" width=\"225\" height=\"300\" srcset=\"https:\/\/efferen.cdu-huerth.de\/wp-content\/uploads\/2026\/01\/OV-Prinz-Fabian-Prinzenproklamation-2-225x300.jpg 225w, https:\/\/efferen.cdu-huerth.de\/wp-content\/uploads\/2026\/01\/OV-Prinz-Fabian-Prinzenproklamation-2-768x1024.jpg 768w, https:\/\/efferen.cdu-huerth.de\/wp-content\/uploads\/2026\/01\/OV-Prinz-Fabian-Prinzenproklamation-2-1152x1536.jpg 1152w, https:\/\/efferen.cdu-huerth.de\/wp-content\/uploads\/2026\/01\/OV-Prinz-Fabian-Prinzenproklamation-2-1536x2048.jpg 1536w, https:\/\/efferen.cdu-huerth.de\/wp-content\/uploads\/2026\/01\/OV-Prinz-Fabian-Prinzenproklamation-2-750x1000.jpg 750w, https:\/\/efferen.cdu-huerth.de\/wp-content\/uploads\/2026\/01\/OV-Prinz-Fabian-Prinzenproklamation-2-scaled.jpg 1920w\" sizes=\"auto, (max-width: 225px) 100vw, 225px\" \/><\/a> <a href=\"https:\/\/efferen.cdu-huerth.de\/wp-content\/uploads\/2026\/01\/OV-Prinz-Fabian-Prinzenproklamation-3.jpg\"><img loading=\"lazy\" decoding=\"async\" class=\"alignnone size-medium wp-image-5277\" src=\"https:\/\/efferen.cdu-huerth.de\/wp-content\/uploads\/2026\/01\/OV-Prinz-Fabian-Prinzenproklamation-3-169x300.jpg\" alt=\"\" width=\"169\" height=\"300\" srcset=\"https:\/\/efferen.cdu-huerth.de\/wp-content\/uploads\/2026\/01\/OV-Prinz-Fabian-Prinzenproklamation-3-169x300.jpg 169w, https:\/\/efferen.cdu-huerth.de\/wp-content\/uploads\/2026\/01\/OV-Prinz-Fabian-Prinzenproklamation-3-576x1024.jpg 576w, https:\/\/efferen.cdu-huerth.de\/wp-content\/uploads\/2026\/01\/OV-Prinz-Fabian-Prinzenproklamation-3-768x1365.jpg 768w, https:\/\/efferen.cdu-huerth.de\/wp-content\/uploads\/2026\/01\/OV-Prinz-Fabian-Prinzenproklamation-3-864x1536.jpg 864w, https:\/\/efferen.cdu-huerth.de\/wp-content\/uploads\/2026\/01\/OV-Prinz-Fabian-Prinzenproklamation-3-750x1333.jpg 750w, https:\/\/efferen.cdu-huerth.de\/wp-content\/uploads\/2026\/01\/OV-Prinz-Fabian-Prinzenproklamation-3.jpg 900w\" sizes=\"auto, (max-width: 169px) 100vw, 169px\" \/><\/a> <a href=\"https:\/\/efferen.cdu-huerth.de\/wp-content\/uploads\/2026\/01\/OV-Prinz-Fabian-Prinzenproklamation-4-scaled.jpg\"><img loading=\"lazy\" decoding=\"async\" class=\"alignnone size-medium wp-image-5278\" src=\"https:\/\/efferen.cdu-huerth.de\/wp-content\/uploads\/2026\/01\/OV-Prinz-Fabian-Prinzenproklamation-4-300x225.jpg\" alt=\"\" width=\"300\" height=\"225\" srcset=\"https:\/\/efferen.cdu-huerth.de\/wp-content\/uploads\/2026\/01\/OV-Prinz-Fabian-Prinzenproklamation-4-300x225.jpg 300w, https:\/\/efferen.cdu-huerth.de\/wp-content\/uploads\/2026\/01\/OV-Prinz-Fabian-Prinzenproklamation-4-1024x768.jpg 1024w, https:\/\/efferen.cdu-huerth.de\/wp-content\/uploads\/2026\/01\/OV-Prinz-Fabian-Prinzenproklamation-4-768x576.jpg 768w, https:\/\/efferen.cdu-huerth.de\/wp-content\/uploads\/2026\/01\/OV-Prinz-Fabian-Prinzenproklamation-4-1536x1152.jpg 1536w, https:\/\/efferen.cdu-huerth.de\/wp-content\/uploads\/2026\/01\/OV-Prinz-Fabian-Prinzenproklamation-4-2048x1536.jpg 2048w, https:\/\/efferen.cdu-huerth.de\/wp-content\/uploads\/2026\/01\/OV-Prinz-Fabian-Prinzenproklamation-4-750x563.jpg 750w\" sizes=\"auto, (max-width: 300px) 100vw, 300px\" \/><\/a> <a href=\"https:\/\/efferen.cdu-huerth.de\/wp-content\/uploads\/2026\/01\/OV-Prinz-Fabian-Prinzenproklamation-5-scaled.jpg\"><img loading=\"lazy\" decoding=\"async\" class=\"alignnone size-medium wp-image-5279\" src=\"https:\/\/efferen.cdu-huerth.de\/wp-content\/uploads\/2026\/01\/OV-Prinz-Fabian-Prinzenproklamation-5-300x225.jpg\" alt=\"\" width=\"300\" height=\"225\" srcset=\"https:\/\/efferen.cdu-huerth.de\/wp-content\/uploads\/2026\/01\/OV-Prinz-Fabian-Prinzenproklamation-5-300x225.jpg 300w, https:\/\/efferen.cdu-huerth.de\/wp-content\/uploads\/2026\/01\/OV-Prinz-Fabian-Prinzenproklamation-5-1024x768.jpg 1024w, https:\/\/efferen.cdu-huerth.de\/wp-content\/uploads\/2026\/01\/OV-Prinz-Fabian-Prinzenproklamation-5-768x576.jpg 768w, https:\/\/efferen.cdu-huerth.de\/wp-content\/uploads\/2026\/01\/OV-Prinz-Fabian-Prinzenproklamation-5-1536x1152.jpg 1536w, https:\/\/efferen.cdu-huerth.de\/wp-content\/uploads\/2026\/01\/OV-Prinz-Fabian-Prinzenproklamation-5-2048x1536.jpg 2048w, https:\/\/efferen.cdu-huerth.de\/wp-content\/uploads\/2026\/01\/OV-Prinz-Fabian-Prinzenproklamation-5-750x563.jpg 750w\" sizes=\"auto, (max-width: 300px) 100vw, 300px\" \/><\/a> <a href=\"https:\/\/efferen.cdu-huerth.de\/wp-content\/uploads\/2026\/01\/OV-Prinz-Fabian-Prinzenproklamation-scaled.jpg\"><img loading=\"lazy\" decoding=\"async\" class=\"alignnone size-medium wp-image-5280\" src=\"https:\/\/efferen.cdu-huerth.de\/wp-content\/uploads\/2026\/01\/OV-Prinz-Fabian-Prinzenproklamation-225x300.jpg\" alt=\"\" width=\"225\" height=\"300\" srcset=\"https:\/\/efferen.cdu-huerth.de\/wp-content\/uploads\/2026\/01\/OV-Prinz-Fabian-Prinzenproklamation-225x300.jpg 225w, https:\/\/efferen.cdu-huerth.de\/wp-content\/uploads\/2026\/01\/OV-Prinz-Fabian-Prinzenproklamation-768x1024.jpg 768w, https:\/\/efferen.cdu-huerth.de\/wp-content\/uploads\/2026\/01\/OV-Prinz-Fabian-Prinzenproklamation-1152x1536.jpg 1152w, https:\/\/efferen.cdu-huerth.de\/wp-content\/uploads\/2026\/01\/OV-Prinz-Fabian-Prinzenproklamation-1536x2048.jpg 1536w, https:\/\/efferen.cdu-huerth.de\/wp-content\/uploads\/2026\/01\/OV-Prinz-Fabian-Prinzenproklamation-750x1000.jpg 750w, https:\/\/efferen.cdu-huerth.de\/wp-content\/uploads\/2026\/01\/OV-Prinz-Fabian-Prinzenproklamation-scaled.jpg 1920w\" sizes=\"auto, (max-width: 225px) 100vw, 225px\" \/><\/a><\/p>\n<p><a href=\"https:\/\/efferen.cdu-huerth.de\/wp-content\/uploads\/2026\/01\/02_20260114_142600-scaled.jpg\"><img loading=\"lazy\" decoding=\"async\" class=\"alignnone size-medium wp-image-5298\" src=\"https:\/\/efferen.cdu-huerth.de\/wp-content\/uploads\/2026\/01\/02_20260114_142600-225x300.jpg\" alt=\"\" width=\"225\" height=\"300\" srcset=\"https:\/\/efferen.cdu-huerth.de\/wp-content\/uploads\/2026\/01\/02_20260114_142600-225x300.jpg 225w, https:\/\/efferen.cdu-huerth.de\/wp-content\/uploads\/2026\/01\/02_20260114_142600-768x1024.jpg 768w, https:\/\/efferen.cdu-huerth.de\/wp-content\/uploads\/2026\/01\/02_20260114_142600-1152x1536.jpg 1152w, https:\/\/efferen.cdu-huerth.de\/wp-content\/uploads\/2026\/01\/02_20260114_142600-1536x2048.jpg 1536w, https:\/\/efferen.cdu-huerth.de\/wp-content\/uploads\/2026\/01\/02_20260114_142600-750x1000.jpg 750w, https:\/\/efferen.cdu-huerth.de\/wp-content\/uploads\/2026\/01\/02_20260114_142600-scaled.jpg 1920w\" sizes=\"auto, (max-width: 225px) 100vw, 225px\" \/><\/a><\/p>\n","protected":false},"excerpt":{"rendered":"<p>Hochstimmung im Sch\u00fctzenheim der St. Hubertus Sch\u00fctzenbruderschaft, Prinz Fabian I wurde von der Ortsgemeinschaft Efferen proklamiert. Mit einem runden Rahmenprogramm wurde kr\u00e4ftig gefeiert und so wurde geschunkelt und gesungen bis in die Morgenstunden. B\u00fcrgermeister richtete eine karnevalistische Rede an Publikum und Ortsvorsteher Thomas Blank \u00fcberreichte den Stadtschl\u00fcssel zum Zeichen der karnevalistischen Macht!<\/p>\n","protected":false},"author":4,"featured_media":5277,"comment_status":"open","ping_status":"open","sticky":false,"template":"","format":"standard","meta":{"ngg_post_thumbnail":0,"footnotes":"","_links_to":"","_links_to_target":""},"categories":[17],"tags":[],"class_list":["post-5275","post","type-post","status-publish","format-standard","has-post-thumbnail","hentry","category-ortsvorsteher","item-wrap"],"_links":{"self":[{"href":"https:\/\/efferen.cdu-huerth.de\/index.php?rest_route=\/wp\/v2\/posts\/5275","targetHints":{"allow":["GET"]}}],"collection":[{"href":"https:\/\/efferen.cdu-huerth.de\/index.php?rest_route=\/wp\/v2\/posts"}],"about":[{"href":"https:\/\/efferen.cdu-huerth.de\/index.php?rest_route=\/wp\/v2\/types\/post"}],"author":[{"embeddable":true,"href":"https:\/\/efferen.cdu-huerth.de\/index.php?rest_route=\/wp\/v2\/users\/4"}],"replies":[{"embeddable":true,"href":"https:\/\/efferen.cdu-huerth.de\/index.php?rest_route=%2Fwp%2Fv2%2Fcomments&post=5275"}],"version-history":[{"count":3,"href":"https:\/\/efferen.cdu-huerth.de\/index.php?rest_route=\/wp\/v2\/posts\/5275\/revisions"}],"predecessor-version":[{"id":5299,"href":"https:\/\/efferen.cdu-huerth.de\/index.php?rest_route=\/wp\/v2\/posts\/5275\/revisions\/5299"}],"wp:featuredmedia":[{"embeddable":true,"href":"https:\/\/efferen.cdu-huerth.de\/index.php?rest_route=\/wp\/v2\/media\/5277"}],"wp:attachment":[{"href":"https:\/\/efferen.cdu-huerth.de\/index.php?rest_route=%2Fwp%2Fv2%2Fmedia&parent=5275"}],"wp:term":[{"taxonomy":"category","embeddable":true,"href":"https:\/\/efferen.cdu-huerth.de\/index.php?rest_route=%2Fwp%2Fv2%2Fcategories&post=5275"},{"taxonomy":"post_tag","embeddable":true,"href":"https:\/\/efferen.cdu-huerth.de\/index.php?rest_route=%2Fwp%2Fv2%2Ftags&post=5275"}],"curies":[{"name":"wp","href":"https:\/\/api.w.org\/{rel}","templated":true}]}}