{"id":5351,"date":"2026-03-11T12:09:48","date_gmt":"2026-03-11T11:09:48","guid":{"rendered":"https:\/\/efferen.cdu-huerth.de\/?p=5351"},"modified":"2026-03-11T12:09:48","modified_gmt":"2026-03-11T11:09:48","slug":"fruehjahrsputz-in-huerth-und-im-stadtteil-efferen","status":"publish","type":"post","link":"https:\/\/efferen.cdu-huerth.de\/?p=5351","title":{"rendered":"Fr\u00fchjahrsputz in H\u00fcrth und im Stadtteil Efferen"},"content":{"rendered":"<p>Es war mal wieder soweit, die Stadtwerke organisierten mit den Ortsvorstehern den Fr\u00fchjahrsputz 2026! 75 Gro\u00dfe und Kleine Helfer meldeten sich!\u00a0 Batterien, Lachgaskartuschen, Schnaps-und Bierflaschen wurden leider gefunden und entsorgt! Zigarettenkippen zu Hunderten (Ein Verbot m\u00fcsste her) in Beeten und Baumscheiben. Konfetti vom Karnevalszug war so f\u00fcr manschen ein \u00c4rgernis. Als Ortsvorsteher freut man sich erst wenn nichts mehr gefunden wird!<\/p>\n<p>Zum Dankesch\u00f6n kamen 50 Gro\u00dfe und Kleine Helfer in die B\u00fcrgerstube, es Frikadelle oder W\u00fcrstchen mit Br\u00f6tchen!<\/p>\n<p>Danke f\u00fcr&#8217;s mitmachen, bis n\u00e4chstes Jahr zum FR\u00fchjahrsputz!<\/p>\n<p><a href=\"https:\/\/efferen.cdu-huerth.de\/wp-content\/uploads\/2026\/03\/IMG-20260307-WA0014.jpg\"><img loading=\"lazy\" decoding=\"async\" class=\"alignnone size-medium wp-image-5360\" src=\"https:\/\/efferen.cdu-huerth.de\/wp-content\/uploads\/2026\/03\/IMG-20260307-WA0014-169x300.jpg\" alt=\"\" width=\"169\" height=\"300\" srcset=\"https:\/\/efferen.cdu-huerth.de\/wp-content\/uploads\/2026\/03\/IMG-20260307-WA0014-169x300.jpg 169w, https:\/\/efferen.cdu-huerth.de\/wp-content\/uploads\/2026\/03\/IMG-20260307-WA0014-577x1024.jpg 577w, https:\/\/efferen.cdu-huerth.de\/wp-content\/uploads\/2026\/03\/IMG-20260307-WA0014-768x1364.jpg 768w, https:\/\/efferen.cdu-huerth.de\/wp-content\/uploads\/2026\/03\/IMG-20260307-WA0014-865x1536.jpg 865w, https:\/\/efferen.cdu-huerth.de\/wp-content\/uploads\/2026\/03\/IMG-20260307-WA0014-750x1332.jpg 750w, https:\/\/efferen.cdu-huerth.de\/wp-content\/uploads\/2026\/03\/IMG-20260307-WA0014.jpg 1126w\" sizes=\"auto, (max-width: 169px) 100vw, 169px\" \/><\/a> <a href=\"https:\/\/efferen.cdu-huerth.de\/wp-content\/uploads\/2026\/03\/IMG-20260307-WA0011.jpg\"><img loading=\"lazy\" decoding=\"async\" class=\"alignnone size-medium wp-image-5359\" src=\"https:\/\/efferen.cdu-huerth.de\/wp-content\/uploads\/2026\/03\/IMG-20260307-WA0011-225x300.jpg\" alt=\"\" width=\"225\" height=\"300\" srcset=\"https:\/\/efferen.cdu-huerth.de\/wp-content\/uploads\/2026\/03\/IMG-20260307-WA0011-225x300.jpg 225w, https:\/\/efferen.cdu-huerth.de\/wp-content\/uploads\/2026\/03\/IMG-20260307-WA0011-768x1024.jpg 768w, https:\/\/efferen.cdu-huerth.de\/wp-content\/uploads\/2026\/03\/IMG-20260307-WA0011-1152x1536.jpg 1152w, https:\/\/efferen.cdu-huerth.de\/wp-content\/uploads\/2026\/03\/IMG-20260307-WA0011-750x1000.jpg 750w, https:\/\/efferen.cdu-huerth.de\/wp-content\/uploads\/2026\/03\/IMG-20260307-WA0011.jpg 1200w\" sizes=\"auto, (max-width: 225px) 100vw, 225px\" \/><\/a> <a href=\"https:\/\/efferen.cdu-huerth.de\/wp-content\/uploads\/2026\/03\/IMG-20260307-WA0008-scaled.jpg\"><img loading=\"lazy\" decoding=\"async\" class=\"alignnone size-medium wp-image-5358\" src=\"https:\/\/efferen.cdu-huerth.de\/wp-content\/uploads\/2026\/03\/IMG-20260307-WA0008-225x300.jpg\" alt=\"\" width=\"225\" height=\"300\" srcset=\"https:\/\/efferen.cdu-huerth.de\/wp-content\/uploads\/2026\/03\/IMG-20260307-WA0008-225x300.jpg 225w, https:\/\/efferen.cdu-huerth.de\/wp-content\/uploads\/2026\/03\/IMG-20260307-WA0008-768x1024.jpg 768w, https:\/\/efferen.cdu-huerth.de\/wp-content\/uploads\/2026\/03\/IMG-20260307-WA0008-1152x1536.jpg 1152w, https:\/\/efferen.cdu-huerth.de\/wp-content\/uploads\/2026\/03\/IMG-20260307-WA0008-1536x2048.jpg 1536w, https:\/\/efferen.cdu-huerth.de\/wp-content\/uploads\/2026\/03\/IMG-20260307-WA0008-750x1000.jpg 750w, https:\/\/efferen.cdu-huerth.de\/wp-content\/uploads\/2026\/03\/IMG-20260307-WA0008-scaled.jpg 1920w\" sizes=\"auto, (max-width: 225px) 100vw, 225px\" \/><\/a> <a href=\"https:\/\/efferen.cdu-huerth.de\/wp-content\/uploads\/2026\/03\/04_IMG-20260307-WA0010.jpg\"><img loading=\"lazy\" decoding=\"async\" class=\"alignnone size-medium wp-image-5357\" src=\"https:\/\/efferen.cdu-huerth.de\/wp-content\/uploads\/2026\/03\/04_IMG-20260307-WA0010-225x300.jpg\" alt=\"\" width=\"225\" height=\"300\" srcset=\"https:\/\/efferen.cdu-huerth.de\/wp-content\/uploads\/2026\/03\/04_IMG-20260307-WA0010-225x300.jpg 225w, https:\/\/efferen.cdu-huerth.de\/wp-content\/uploads\/2026\/03\/04_IMG-20260307-WA0010-768x1024.jpg 768w, https:\/\/efferen.cdu-huerth.de\/wp-content\/uploads\/2026\/03\/04_IMG-20260307-WA0010-1152x1536.jpg 1152w, https:\/\/efferen.cdu-huerth.de\/wp-content\/uploads\/2026\/03\/04_IMG-20260307-WA0010-750x1000.jpg 750w, https:\/\/efferen.cdu-huerth.de\/wp-content\/uploads\/2026\/03\/04_IMG-20260307-WA0010.jpg 1200w\" sizes=\"auto, (max-width: 225px) 100vw, 225px\" \/><\/a> <a href=\"https:\/\/efferen.cdu-huerth.de\/wp-content\/uploads\/2026\/03\/03_IMG-20260307-WA0013.jpg\"><img loading=\"lazy\" decoding=\"async\" class=\"alignnone size-medium wp-image-5356\" src=\"https:\/\/efferen.cdu-huerth.de\/wp-content\/uploads\/2026\/03\/03_IMG-20260307-WA0013-169x300.jpg\" alt=\"\" width=\"169\" height=\"300\" srcset=\"https:\/\/efferen.cdu-huerth.de\/wp-content\/uploads\/2026\/03\/03_IMG-20260307-WA0013-169x300.jpg 169w, https:\/\/efferen.cdu-huerth.de\/wp-content\/uploads\/2026\/03\/03_IMG-20260307-WA0013-576x1024.jpg 576w, https:\/\/efferen.cdu-huerth.de\/wp-content\/uploads\/2026\/03\/03_IMG-20260307-WA0013-768x1365.jpg 768w, https:\/\/efferen.cdu-huerth.de\/wp-content\/uploads\/2026\/03\/03_IMG-20260307-WA0013-864x1536.jpg 864w, https:\/\/efferen.cdu-huerth.de\/wp-content\/uploads\/2026\/03\/03_IMG-20260307-WA0013-750x1333.jpg 750w, https:\/\/efferen.cdu-huerth.de\/wp-content\/uploads\/2026\/03\/03_IMG-20260307-WA0013.jpg 900w\" sizes=\"auto, (max-width: 169px) 100vw, 169px\" \/><\/a> <a href=\"https:\/\/efferen.cdu-huerth.de\/wp-content\/uploads\/2026\/03\/02_IMG-20260307-WA0014.jpg\"><img loading=\"lazy\" decoding=\"async\" class=\"alignnone size-medium wp-image-5355\" src=\"https:\/\/efferen.cdu-huerth.de\/wp-content\/uploads\/2026\/03\/02_IMG-20260307-WA0014-169x300.jpg\" alt=\"\" width=\"169\" height=\"300\" srcset=\"https:\/\/efferen.cdu-huerth.de\/wp-content\/uploads\/2026\/03\/02_IMG-20260307-WA0014-169x300.jpg 169w, https:\/\/efferen.cdu-huerth.de\/wp-content\/uploads\/2026\/03\/02_IMG-20260307-WA0014-577x1024.jpg 577w, https:\/\/efferen.cdu-huerth.de\/wp-content\/uploads\/2026\/03\/02_IMG-20260307-WA0014-768x1364.jpg 768w, https:\/\/efferen.cdu-huerth.de\/wp-content\/uploads\/2026\/03\/02_IMG-20260307-WA0014-865x1536.jpg 865w, https:\/\/efferen.cdu-huerth.de\/wp-content\/uploads\/2026\/03\/02_IMG-20260307-WA0014-750x1332.jpg 750w, https:\/\/efferen.cdu-huerth.de\/wp-content\/uploads\/2026\/03\/02_IMG-20260307-WA0014.jpg 1126w\" sizes=\"auto, (max-width: 169px) 100vw, 169px\" \/><\/a> <a href=\"https:\/\/efferen.cdu-huerth.de\/wp-content\/uploads\/2026\/03\/01_IMG-20260307-WA0016.jpg\"><img loading=\"lazy\" decoding=\"async\" class=\"alignnone size-medium wp-image-5354\" src=\"https:\/\/efferen.cdu-huerth.de\/wp-content\/uploads\/2026\/03\/01_IMG-20260307-WA0016-169x300.jpg\" alt=\"\" width=\"169\" height=\"300\" srcset=\"https:\/\/efferen.cdu-huerth.de\/wp-content\/uploads\/2026\/03\/01_IMG-20260307-WA0016-169x300.jpg 169w, https:\/\/efferen.cdu-huerth.de\/wp-content\/uploads\/2026\/03\/01_IMG-20260307-WA0016-576x1024.jpg 576w, https:\/\/efferen.cdu-huerth.de\/wp-content\/uploads\/2026\/03\/01_IMG-20260307-WA0016-768x1365.jpg 768w, https:\/\/efferen.cdu-huerth.de\/wp-content\/uploads\/2026\/03\/01_IMG-20260307-WA0016-864x1536.jpg 864w, https:\/\/efferen.cdu-huerth.de\/wp-content\/uploads\/2026\/03\/01_IMG-20260307-WA0016-750x1333.jpg 750w, https:\/\/efferen.cdu-huerth.de\/wp-content\/uploads\/2026\/03\/01_IMG-20260307-WA0016.jpg 900w\" sizes=\"auto, (max-width: 169px) 100vw, 169px\" \/><\/a> <a href=\"https:\/\/efferen.cdu-huerth.de\/wp-content\/uploads\/2026\/03\/07_20260307_123504-scaled.jpg\"><img loading=\"lazy\" decoding=\"async\" class=\"alignnone size-medium wp-image-5353\" src=\"https:\/\/efferen.cdu-huerth.de\/wp-content\/uploads\/2026\/03\/07_20260307_123504-300x225.jpg\" alt=\"\" width=\"300\" height=\"225\" srcset=\"https:\/\/efferen.cdu-huerth.de\/wp-content\/uploads\/2026\/03\/07_20260307_123504-300x225.jpg 300w, https:\/\/efferen.cdu-huerth.de\/wp-content\/uploads\/2026\/03\/07_20260307_123504-1024x768.jpg 1024w, https:\/\/efferen.cdu-huerth.de\/wp-content\/uploads\/2026\/03\/07_20260307_123504-768x576.jpg 768w, https:\/\/efferen.cdu-huerth.de\/wp-content\/uploads\/2026\/03\/07_20260307_123504-1536x1152.jpg 1536w, https:\/\/efferen.cdu-huerth.de\/wp-content\/uploads\/2026\/03\/07_20260307_123504-2048x1536.jpg 2048w, https:\/\/efferen.cdu-huerth.de\/wp-content\/uploads\/2026\/03\/07_20260307_123504-750x563.jpg 750w\" sizes=\"auto, (max-width: 300px) 100vw, 300px\" \/><\/a><\/p>\n","protected":false},"excerpt":{"rendered":"<p>Es war mal wieder soweit, die Stadtwerke organisierten mit den Ortsvorstehern den Fr\u00fchjahrsputz 2026! 75 Gro\u00dfe und Kleine Helfer meldeten sich!\u00a0 Batterien, Lachgaskartuschen, Schnaps-und Bierflaschen wurden leider gefunden und entsorgt! Zigarettenkippen zu Hunderten (Ein Verbot m\u00fcsste her) in Beeten und Baumscheiben. Konfetti vom Karnevalszug war so f\u00fcr manschen ein \u00c4rgernis. Als Ortsvorsteher freut man sich &hellip; <\/p>\n<p><a class=\"more-link btn\" href=\"https:\/\/efferen.cdu-huerth.de\/?p=5351\">Weiterlesen<\/a><\/p>\n","protected":false},"author":4,"featured_media":5353,"comment_status":"open","ping_status":"open","sticky":false,"template":"","format":"standard","meta":{"ngg_post_thumbnail":0,"footnotes":"","_links_to":"","_links_to_target":""},"categories":[17],"tags":[],"class_list":["post-5351","post","type-post","status-publish","format-standard","has-post-thumbnail","hentry","category-ortsvorsteher","item-wrap"],"_links":{"self":[{"href":"https:\/\/efferen.cdu-huerth.de\/index.php?rest_route=\/wp\/v2\/posts\/5351","targetHints":{"allow":["GET"]}}],"collection":[{"href":"https:\/\/efferen.cdu-huerth.de\/index.php?rest_route=\/wp\/v2\/posts"}],"about":[{"href":"https:\/\/efferen.cdu-huerth.de\/index.php?rest_route=\/wp\/v2\/types\/post"}],"author":[{"embeddable":true,"href":"https:\/\/efferen.cdu-huerth.de\/index.php?rest_route=\/wp\/v2\/users\/4"}],"replies":[{"embeddable":true,"href":"https:\/\/efferen.cdu-huerth.de\/index.php?rest_route=%2Fwp%2Fv2%2Fcomments&post=5351"}],"version-history":[{"count":1,"href":"https:\/\/efferen.cdu-huerth.de\/index.php?rest_route=\/wp\/v2\/posts\/5351\/revisions"}],"predecessor-version":[{"id":5363,"href":"https:\/\/efferen.cdu-huerth.de\/index.php?rest_route=\/wp\/v2\/posts\/5351\/revisions\/5363"}],"wp:featuredmedia":[{"embeddable":true,"href":"https:\/\/efferen.cdu-huerth.de\/index.php?rest_route=\/wp\/v2\/media\/5353"}],"wp:attachment":[{"href":"https:\/\/efferen.cdu-huerth.de\/index.php?rest_route=%2Fwp%2Fv2%2Fmedia&parent=5351"}],"wp:term":[{"taxonomy":"category","embeddable":true,"href":"https:\/\/efferen.cdu-huerth.de\/index.php?rest_route=%2Fwp%2Fv2%2Fcategories&post=5351"},{"taxonomy":"post_tag","embeddable":true,"href":"https:\/\/efferen.cdu-huerth.de\/index.php?rest_route=%2Fwp%2Fv2%2Ftags&post=5351"}],"curies":[{"name":"wp","href":"https:\/\/api.w.org\/{rel}","templated":true}]}}