{"id":5408,"date":"2026-05-01T14:30:33","date_gmt":"2026-05-01T12:30:33","guid":{"rendered":"https:\/\/efferen.cdu-huerth.de\/?p=5408"},"modified":"2026-05-01T14:40:06","modified_gmt":"2026-05-01T12:40:06","slug":"maibaumaufstellen-vier-neue-ruhebaenke-am-ehrenmal-und-blumenampel-an-der-kaularstrasse","status":"publish","type":"post","link":"https:\/\/efferen.cdu-huerth.de\/?p=5408","title":{"rendered":"Maibaumaufstellen, vier neue Ruheb\u00e4nke am Ehrenmal und Blumenampel an der Kaularstra\u00dfe"},"content":{"rendered":"<p>Es war mal wieder soweit die Efferener Kid&#8217;s konnten wieder den Maibaum mit buntem Krepp schm\u00fccken. Unterst\u00fctzt vom F\u00f6rderverein Efferen und dem CDU Ortsverband gab es wieder Kaltgetr\u00e4nke f\u00fcr Jung und Alt und leckere Bratw\u00fcrste vom Stadtverordneten Rolf Elsen.<\/p>\n<p><a href=\"https:\/\/efferen.cdu-huerth.de\/wp-content\/uploads\/2026\/05\/03_IMG-20260429-WA0024.jpg\"><img loading=\"lazy\" decoding=\"async\" class=\"alignnone size-medium wp-image-5410\" src=\"https:\/\/efferen.cdu-huerth.de\/wp-content\/uploads\/2026\/05\/03_IMG-20260429-WA0024-225x300.jpg\" alt=\"\" width=\"225\" height=\"300\" srcset=\"https:\/\/efferen.cdu-huerth.de\/wp-content\/uploads\/2026\/05\/03_IMG-20260429-WA0024-225x300.jpg 225w, https:\/\/efferen.cdu-huerth.de\/wp-content\/uploads\/2026\/05\/03_IMG-20260429-WA0024-768x1024.jpg 768w, https:\/\/efferen.cdu-huerth.de\/wp-content\/uploads\/2026\/05\/03_IMG-20260429-WA0024-1152x1536.jpg 1152w, https:\/\/efferen.cdu-huerth.de\/wp-content\/uploads\/2026\/05\/03_IMG-20260429-WA0024-750x1000.jpg 750w, https:\/\/efferen.cdu-huerth.de\/wp-content\/uploads\/2026\/05\/03_IMG-20260429-WA0024.jpg 1200w\" sizes=\"auto, (max-width: 225px) 100vw, 225px\" \/><\/a> <a href=\"https:\/\/efferen.cdu-huerth.de\/wp-content\/uploads\/2026\/05\/04_IMG-20260429-WA0020.jpg\"><img loading=\"lazy\" decoding=\"async\" class=\"alignnone size-medium wp-image-5411\" src=\"https:\/\/efferen.cdu-huerth.de\/wp-content\/uploads\/2026\/05\/04_IMG-20260429-WA0020-225x300.jpg\" alt=\"\" width=\"225\" height=\"300\" srcset=\"https:\/\/efferen.cdu-huerth.de\/wp-content\/uploads\/2026\/05\/04_IMG-20260429-WA0020-225x300.jpg 225w, https:\/\/efferen.cdu-huerth.de\/wp-content\/uploads\/2026\/05\/04_IMG-20260429-WA0020-768x1024.jpg 768w, https:\/\/efferen.cdu-huerth.de\/wp-content\/uploads\/2026\/05\/04_IMG-20260429-WA0020-1152x1536.jpg 1152w, https:\/\/efferen.cdu-huerth.de\/wp-content\/uploads\/2026\/05\/04_IMG-20260429-WA0020-750x1000.jpg 750w, https:\/\/efferen.cdu-huerth.de\/wp-content\/uploads\/2026\/05\/04_IMG-20260429-WA0020.jpg 1536w\" sizes=\"auto, (max-width: 225px) 100vw, 225px\" \/><\/a> <a href=\"https:\/\/efferen.cdu-huerth.de\/wp-content\/uploads\/2026\/05\/05_IMG-20260429-WA0019.jpg\"><img loading=\"lazy\" decoding=\"async\" class=\"alignnone size-medium wp-image-5412\" src=\"https:\/\/efferen.cdu-huerth.de\/wp-content\/uploads\/2026\/05\/05_IMG-20260429-WA0019-225x300.jpg\" alt=\"\" width=\"225\" height=\"300\" srcset=\"https:\/\/efferen.cdu-huerth.de\/wp-content\/uploads\/2026\/05\/05_IMG-20260429-WA0019-225x300.jpg 225w, https:\/\/efferen.cdu-huerth.de\/wp-content\/uploads\/2026\/05\/05_IMG-20260429-WA0019-768x1024.jpg 768w, https:\/\/efferen.cdu-huerth.de\/wp-content\/uploads\/2026\/05\/05_IMG-20260429-WA0019-1152x1536.jpg 1152w, https:\/\/efferen.cdu-huerth.de\/wp-content\/uploads\/2026\/05\/05_IMG-20260429-WA0019-750x1000.jpg 750w, https:\/\/efferen.cdu-huerth.de\/wp-content\/uploads\/2026\/05\/05_IMG-20260429-WA0019.jpg 1536w\" sizes=\"auto, (max-width: 225px) 100vw, 225px\" \/><\/a> <a href=\"https:\/\/efferen.cdu-huerth.de\/wp-content\/uploads\/2026\/05\/06_IMG-20260429-WA0014.jpg\"><img loading=\"lazy\" decoding=\"async\" class=\"alignnone size-medium wp-image-5413\" src=\"https:\/\/efferen.cdu-huerth.de\/wp-content\/uploads\/2026\/05\/06_IMG-20260429-WA0014-225x300.jpg\" alt=\"\" width=\"225\" height=\"300\" srcset=\"https:\/\/efferen.cdu-huerth.de\/wp-content\/uploads\/2026\/05\/06_IMG-20260429-WA0014-225x300.jpg 225w, https:\/\/efferen.cdu-huerth.de\/wp-content\/uploads\/2026\/05\/06_IMG-20260429-WA0014-768x1024.jpg 768w, https:\/\/efferen.cdu-huerth.de\/wp-content\/uploads\/2026\/05\/06_IMG-20260429-WA0014-1152x1536.jpg 1152w, https:\/\/efferen.cdu-huerth.de\/wp-content\/uploads\/2026\/05\/06_IMG-20260429-WA0014-750x1000.jpg 750w, https:\/\/efferen.cdu-huerth.de\/wp-content\/uploads\/2026\/05\/06_IMG-20260429-WA0014.jpg 1536w\" sizes=\"auto, (max-width: 225px) 100vw, 225px\" \/><\/a> <a href=\"https:\/\/efferen.cdu-huerth.de\/wp-content\/uploads\/2026\/05\/07_IMG-20260429-WA0000.jpg\"><img loading=\"lazy\" decoding=\"async\" class=\"alignnone size-medium wp-image-5414\" src=\"https:\/\/efferen.cdu-huerth.de\/wp-content\/uploads\/2026\/05\/07_IMG-20260429-WA0000-169x300.jpg\" alt=\"\" width=\"169\" height=\"300\" srcset=\"https:\/\/efferen.cdu-huerth.de\/wp-content\/uploads\/2026\/05\/07_IMG-20260429-WA0000-169x300.jpg 169w, https:\/\/efferen.cdu-huerth.de\/wp-content\/uploads\/2026\/05\/07_IMG-20260429-WA0000-576x1024.jpg 576w, https:\/\/efferen.cdu-huerth.de\/wp-content\/uploads\/2026\/05\/07_IMG-20260429-WA0000-768x1365.jpg 768w, https:\/\/efferen.cdu-huerth.de\/wp-content\/uploads\/2026\/05\/07_IMG-20260429-WA0000-864x1536.jpg 864w, https:\/\/efferen.cdu-huerth.de\/wp-content\/uploads\/2026\/05\/07_IMG-20260429-WA0000-750x1333.jpg 750w, https:\/\/efferen.cdu-huerth.de\/wp-content\/uploads\/2026\/05\/07_IMG-20260429-WA0000.jpg 1152w\" sizes=\"auto, (max-width: 169px) 100vw, 169px\" \/><\/a> <a href=\"https:\/\/efferen.cdu-huerth.de\/wp-content\/uploads\/2026\/05\/02_IMG-20260429-WA0023.jpg\"><img loading=\"lazy\" decoding=\"async\" class=\"alignnone size-medium wp-image-5416\" src=\"https:\/\/efferen.cdu-huerth.de\/wp-content\/uploads\/2026\/05\/02_IMG-20260429-WA0023-225x300.jpg\" alt=\"\" width=\"225\" height=\"300\" srcset=\"https:\/\/efferen.cdu-huerth.de\/wp-content\/uploads\/2026\/05\/02_IMG-20260429-WA0023-225x300.jpg 225w, https:\/\/efferen.cdu-huerth.de\/wp-content\/uploads\/2026\/05\/02_IMG-20260429-WA0023-768x1024.jpg 768w, https:\/\/efferen.cdu-huerth.de\/wp-content\/uploads\/2026\/05\/02_IMG-20260429-WA0023-1152x1536.jpg 1152w, https:\/\/efferen.cdu-huerth.de\/wp-content\/uploads\/2026\/05\/02_IMG-20260429-WA0023-750x1000.jpg 750w, https:\/\/efferen.cdu-huerth.de\/wp-content\/uploads\/2026\/05\/02_IMG-20260429-WA0023.jpg 1200w\" sizes=\"auto, (max-width: 225px) 100vw, 225px\" \/><\/a><\/p>\n<p>Vier neue Ruheb\u00e4nke, aufgestellt von den Stadtwerken und gespendet vom MGV Liederkranz, Sevgi Witte und Rolf Elsen &#8211; CDU Stadtverordnete und vom F\u00f6rderverein Efferen, Hajo Welk und Rita Kuska-Welk sowie von Apollonia und Thomas Blank auch vom F\u00f6rderverein Efferen. Herzlich Dank an alle Spender und den Stadtwerken f\u00fcr das Aufstellen der B\u00e4nke.<\/p>\n<p>Die Blumenampel an der Kaulardstra\u00dfe, gespendet vom F\u00f6rderverein Efferen, h\u00e4ngen inzwischen auch!<\/p>\n<p>&nbsp;<\/p>\n","protected":false},"excerpt":{"rendered":"<p>Es war mal wieder soweit die Efferener Kid&#8217;s konnten wieder den Maibaum mit buntem Krepp schm\u00fccken. Unterst\u00fctzt vom F\u00f6rderverein Efferen und dem CDU Ortsverband gab es wieder Kaltgetr\u00e4nke f\u00fcr Jung und Alt und leckere Bratw\u00fcrste vom Stadtverordneten Rolf Elsen. Vier neue Ruheb\u00e4nke, aufgestellt von den Stadtwerken und gespendet vom MGV Liederkranz, Sevgi Witte und Rolf &hellip; <\/p>\n<p><a class=\"more-link btn\" href=\"https:\/\/efferen.cdu-huerth.de\/?p=5408\">Weiterlesen<\/a><\/p>\n","protected":false},"author":4,"featured_media":5414,"comment_status":"open","ping_status":"open","sticky":false,"template":"","format":"standard","meta":{"ngg_post_thumbnail":0,"footnotes":"","_links_to":"","_links_to_target":""},"categories":[17],"tags":[],"class_list":["post-5408","post","type-post","status-publish","format-standard","has-post-thumbnail","hentry","category-ortsvorsteher","item-wrap"],"_links":{"self":[{"href":"https:\/\/efferen.cdu-huerth.de\/index.php?rest_route=\/wp\/v2\/posts\/5408","targetHints":{"allow":["GET"]}}],"collection":[{"href":"https:\/\/efferen.cdu-huerth.de\/index.php?rest_route=\/wp\/v2\/posts"}],"about":[{"href":"https:\/\/efferen.cdu-huerth.de\/index.php?rest_route=\/wp\/v2\/types\/post"}],"author":[{"embeddable":true,"href":"https:\/\/efferen.cdu-huerth.de\/index.php?rest_route=\/wp\/v2\/users\/4"}],"replies":[{"embeddable":true,"href":"https:\/\/efferen.cdu-huerth.de\/index.php?rest_route=%2Fwp%2Fv2%2Fcomments&post=5408"}],"version-history":[{"count":3,"href":"https:\/\/efferen.cdu-huerth.de\/index.php?rest_route=\/wp\/v2\/posts\/5408\/revisions"}],"predecessor-version":[{"id":5418,"href":"https:\/\/efferen.cdu-huerth.de\/index.php?rest_route=\/wp\/v2\/posts\/5408\/revisions\/5418"}],"wp:featuredmedia":[{"embeddable":true,"href":"https:\/\/efferen.cdu-huerth.de\/index.php?rest_route=\/wp\/v2\/media\/5414"}],"wp:attachment":[{"href":"https:\/\/efferen.cdu-huerth.de\/index.php?rest_route=%2Fwp%2Fv2%2Fmedia&parent=5408"}],"wp:term":[{"taxonomy":"category","embeddable":true,"href":"https:\/\/efferen.cdu-huerth.de\/index.php?rest_route=%2Fwp%2Fv2%2Fcategories&post=5408"},{"taxonomy":"post_tag","embeddable":true,"href":"https:\/\/efferen.cdu-huerth.de\/index.php?rest_route=%2Fwp%2Fv2%2Ftags&post=5408"}],"curies":[{"name":"wp","href":"https:\/\/api.w.org\/{rel}","templated":true}]}}