{"id":588,"date":"2014-01-05T17:27:51","date_gmt":"2014-01-05T15:27:51","guid":{"rendered":"http:\/\/efferen.cdu-huerth.de\/wp\/?p=588"},"modified":"2014-01-05T17:31:29","modified_gmt":"2014-01-05T15:31:29","slug":"588","status":"publish","type":"post","link":"https:\/\/efferen.cdu-huerth.de\/?p=588","title":{"rendered":"Einladung zur Ortsbegehung"},"content":{"rendered":"<div id=\"id_52c9797eea5417699158255\">Von Camilla H\u00f6lzer<\/div>\n<div><\/div>\n<div>Als amtierendes Ratsmitglied und Ratskandidatin f\u00fcr den Wahlkreis 17 bei der kommenden Kommunalwahl im Mai 2014 lade ich Sie herzlich zu einer Ortsbegehung mit Start an der Ecke Pastor-Giesen-S&#8230;tra\u00dfe \/ Berrenrather Stra\u00dfe am Samstag, dem 18. Januar 2014 um 14.30 Uhr ein. Erster Schwerpunkt soll die Situation auf der Berrenrather Stra\u00dfe nach den Bauarbeiten im Bereich ab Annenstra\u00dfe Richtung In den H\u00f6hnen sein. Auf den weiteren Verlauf der Ortsbegehung k\u00f6nnen Sie Einfluss nehmen: Gerne k\u00f6nnen Sie mir weitere \u00d6rtlichkeiten im Bereich zwischen der Lortzingstra\u00dfe und der Annenstra\u00dfe mitteilen, die wir bei der Ortsbegehung aufsuchen sollten. Schreiben Sie mir, wo der Schuh dr\u00fcckt! Dar\u00fcber hinaus lernen Sie anl\u00e4\u00dflich der Ortsbegehung mich und die anderen Ratskandidaten f\u00fcr Efferen kennen und k\u00f6nnen uns vor Ort auf die Dinge ansprechen, die Ihnen unter den N\u00e4geln brennen.<\/div>\n<div><\/div>\n<div id=\"id_52c9797eea5417699158255\">\n<p>camilla.hoelzer@cdu-huerth.de<\/p>\n<\/div>\n","protected":false},"excerpt":{"rendered":"<p>Von Camilla H\u00f6lzer Als amtierendes Ratsmitglied und Ratskandidatin f\u00fcr den Wahlkreis 17 bei der kommenden Kommunalwahl im Mai 2014 lade ich Sie herzlich zu einer Ortsbegehung mit Start an der Ecke Pastor-Giesen-S&#8230;tra\u00dfe \/ Berrenrather Stra\u00dfe am Samstag, dem 18. Januar 2014 um 14.30 Uhr ein. Erster Schwerpunkt soll die Situation auf der Berrenrather Stra\u00dfe nach &hellip; <\/p>\n<p><a class=\"more-link btn\" href=\"https:\/\/efferen.cdu-huerth.de\/?p=588\">Weiterlesen<\/a><\/p>\n","protected":false},"author":4,"featured_media":589,"comment_status":"open","ping_status":"open","sticky":false,"template":"","format":"standard","meta":{"ngg_post_thumbnail":0,"footnotes":"","_links_to":"","_links_to_target":""},"categories":[1],"tags":[],"class_list":["post-588","post","type-post","status-publish","format-standard","has-post-thumbnail","hentry","category-allgemein","item-wrap"],"_links":{"self":[{"href":"https:\/\/efferen.cdu-huerth.de\/index.php?rest_route=\/wp\/v2\/posts\/588","targetHints":{"allow":["GET"]}}],"collection":[{"href":"https:\/\/efferen.cdu-huerth.de\/index.php?rest_route=\/wp\/v2\/posts"}],"about":[{"href":"https:\/\/efferen.cdu-huerth.de\/index.php?rest_route=\/wp\/v2\/types\/post"}],"author":[{"embeddable":true,"href":"https:\/\/efferen.cdu-huerth.de\/index.php?rest_route=\/wp\/v2\/users\/4"}],"replies":[{"embeddable":true,"href":"https:\/\/efferen.cdu-huerth.de\/index.php?rest_route=%2Fwp%2Fv2%2Fcomments&post=588"}],"version-history":[{"count":6,"href":"https:\/\/efferen.cdu-huerth.de\/index.php?rest_route=\/wp\/v2\/posts\/588\/revisions"}],"predecessor-version":[{"id":592,"href":"https:\/\/efferen.cdu-huerth.de\/index.php?rest_route=\/wp\/v2\/posts\/588\/revisions\/592"}],"wp:featuredmedia":[{"embeddable":true,"href":"https:\/\/efferen.cdu-huerth.de\/index.php?rest_route=\/wp\/v2\/media\/589"}],"wp:attachment":[{"href":"https:\/\/efferen.cdu-huerth.de\/index.php?rest_route=%2Fwp%2Fv2%2Fmedia&parent=588"}],"wp:term":[{"taxonomy":"category","embeddable":true,"href":"https:\/\/efferen.cdu-huerth.de\/index.php?rest_route=%2Fwp%2Fv2%2Fcategories&post=588"},{"taxonomy":"post_tag","embeddable":true,"href":"https:\/\/efferen.cdu-huerth.de\/index.php?rest_route=%2Fwp%2Fv2%2Ftags&post=588"}],"curies":[{"name":"wp","href":"https:\/\/api.w.org\/{rel}","templated":true}]}}