{"id":656,"date":"2014-01-29T19:21:44","date_gmt":"2014-01-29T17:21:44","guid":{"rendered":"http:\/\/efferen.cdu-huerth.de\/wp\/?p=656"},"modified":"2014-01-29T19:22:06","modified_gmt":"2014-01-29T17:22:06","slug":"verwendung-der-sportpauschale-auch-gute-nachrichten-fuer-efferen","status":"publish","type":"post","link":"https:\/\/efferen.cdu-huerth.de\/?p=656","title":{"rendered":"Verwendung der Sportpauschale, auch gute Nachrichten f\u00fcr Efferen"},"content":{"rendered":"<p>&nbsp;<\/p>\n<p>&nbsp;<\/p>\n<p><span style=\"color: #ff0000;\">Zitat<\/span> aus der Pressemitteilung des Sport- und B\u00e4der- Ausschusses!<\/p>\n<p>Die Verwendung der Sportpauschale und die Abarbeitung einer neuer Priorit\u00e4tenliste standen auf der Tagesordnung in der letzten Sitzung des Sport- und B\u00e4derausschusses. Die Verwaltung hatte auf Antrag der CDU-Fraktion bereits im letzten Ausschuss diesen Tagesordnungspunkt auf die Agenda setzen m\u00fcssen. \u201cWir haben viele Punkte eng mit den anderen Fraktionen abgestimmt und letztlich einen Kompromiss erreicht, den wir mittragen konnten. Insgesamt sind wir froh, interfraktionell ein gutes Ergebnis f\u00fcr den H\u00fcrther Sport erreicht zu haben\u201d, erl\u00e4utert Otto Winkelhag, CDU-Ratsmitglied und stellvertretender Ausschussvorsitzender. So wird u.a. in Efferen in den Ersatz f\u00fcr neue Materialgaragen investiert. Au\u00dferdem erh\u00e4lt der Aschenplatz in Efferen eine neue Flutlichtanlage, da diese technisch abg\u00e4ngig ist.<\/p>\n","protected":false},"excerpt":{"rendered":"<p>&nbsp; &nbsp; Zitat aus der Pressemitteilung des Sport- und B\u00e4der- Ausschusses! Die Verwendung der Sportpauschale und die Abarbeitung einer neuer Priorit\u00e4tenliste standen auf der Tagesordnung in der letzten Sitzung des Sport- und B\u00e4derausschusses. Die Verwaltung hatte auf Antrag der CDU-Fraktion bereits im letzten Ausschuss diesen Tagesordnungspunkt auf die Agenda setzen m\u00fcssen. \u201cWir haben viele Punkte &hellip; <\/p>\n<p><a class=\"more-link btn\" href=\"https:\/\/efferen.cdu-huerth.de\/?p=656\">Weiterlesen<\/a><\/p>\n","protected":false},"author":4,"featured_media":0,"comment_status":"open","ping_status":"open","sticky":false,"template":"","format":"standard","meta":{"ngg_post_thumbnail":0,"footnotes":"","_links_to":"","_links_to_target":""},"categories":[1],"tags":[],"class_list":["post-656","post","type-post","status-publish","format-standard","hentry","category-allgemein","item-wrap"],"_links":{"self":[{"href":"https:\/\/efferen.cdu-huerth.de\/index.php?rest_route=\/wp\/v2\/posts\/656","targetHints":{"allow":["GET"]}}],"collection":[{"href":"https:\/\/efferen.cdu-huerth.de\/index.php?rest_route=\/wp\/v2\/posts"}],"about":[{"href":"https:\/\/efferen.cdu-huerth.de\/index.php?rest_route=\/wp\/v2\/types\/post"}],"author":[{"embeddable":true,"href":"https:\/\/efferen.cdu-huerth.de\/index.php?rest_route=\/wp\/v2\/users\/4"}],"replies":[{"embeddable":true,"href":"https:\/\/efferen.cdu-huerth.de\/index.php?rest_route=%2Fwp%2Fv2%2Fcomments&post=656"}],"version-history":[{"count":1,"href":"https:\/\/efferen.cdu-huerth.de\/index.php?rest_route=\/wp\/v2\/posts\/656\/revisions"}],"predecessor-version":[{"id":657,"href":"https:\/\/efferen.cdu-huerth.de\/index.php?rest_route=\/wp\/v2\/posts\/656\/revisions\/657"}],"wp:attachment":[{"href":"https:\/\/efferen.cdu-huerth.de\/index.php?rest_route=%2Fwp%2Fv2%2Fmedia&parent=656"}],"wp:term":[{"taxonomy":"category","embeddable":true,"href":"https:\/\/efferen.cdu-huerth.de\/index.php?rest_route=%2Fwp%2Fv2%2Fcategories&post=656"},{"taxonomy":"post_tag","embeddable":true,"href":"https:\/\/efferen.cdu-huerth.de\/index.php?rest_route=%2Fwp%2Fv2%2Ftags&post=656"}],"curies":[{"name":"wp","href":"https:\/\/api.w.org\/{rel}","templated":true}]}}